{"id":727,"date":"2018-02-04T19:03:11","date_gmt":"2018-02-04T18:03:11","guid":{"rendered":"http:\/\/macke.spdns.de\/?p=727"},"modified":"2018-02-13T18:15:58","modified_gmt":"2018-02-13T17:15:58","slug":"historischer-wanderweg-heinsen","status":"publish","type":"post","link":"https:\/\/macke.spdns.de\/?p=727","title":{"rendered":"Historischer Wanderweg Heinsen"},"content":{"rendered":"<p>Den Wanderweg bin ich im <a href=\"http:\/\/macke.spdns.de\/?p=263\">Fr\u00fchjahr<\/a> schon einmal gegangen. Heute wollte ich mir die sch\u00f6ne Runde noch einmal bei Schnee anschauen. Als ich losging, sah das Wetter gar nicht schlecht aus. Es regnete und schneite nicht, der Himmel war zwar bedeckt aber hell.<\/p>\n<p class=\"mceTemp\">&nbsp;<\/p>\n<div id=\"attachment_729\" style=\"width: 310px\" class=\"wp-caption alignnone\"><a href=\"http:\/\/macke.spdns.de\/wp-content\/uploads\/2018\/02\/20180204_133932.jpg\"><img loading=\"lazy\" decoding=\"async\" aria-describedby=\"caption-attachment-729\" class=\"size-medium wp-image-729\" src=\"http:\/\/macke.spdns.de\/wp-content\/uploads\/2018\/02\/20180204_133932-300x225.jpg\" alt=\"\" width=\"300\" height=\"225\" srcset=\"https:\/\/macke.spdns.de\/wp-content\/uploads\/2018\/02\/20180204_133932-300x225.jpg 300w, https:\/\/macke.spdns.de\/wp-content\/uploads\/2018\/02\/20180204_133932-150x113.jpg 150w, https:\/\/macke.spdns.de\/wp-content\/uploads\/2018\/02\/20180204_133932-768x576.jpg 768w, https:\/\/macke.spdns.de\/wp-content\/uploads\/2018\/02\/20180204_133932-1024x768.jpg 1024w, https:\/\/macke.spdns.de\/wp-content\/uploads\/2018\/02\/20180204_133932.jpg 1958w\" sizes=\"auto, (max-width: 300px) 100vw, 300px\" \/><\/a><p id=\"caption-attachment-729\" class=\"wp-caption-text\">Blick \u00fcber das Wesertal oberhalb von Heinsen<\/p><\/div>\n<p>Als Kora und ich den h\u00f6chsten Punkt der Wanderung&nbsp; beim alten Flugplatz erreichten \u00e4nderte sich das. Es wurde dunkel und begann zu schneien. Zeitweise kam ich mir vor wie im Film &#8222;Soweit die F\u00fc\u00dfe tragen&#8220;.<\/p>\n<p><a href=\"http:\/\/macke.spdns.de\/wp-content\/uploads\/2018\/02\/20180204_140430.jpg\"><img loading=\"lazy\" decoding=\"async\" class=\"alignnone size-medium wp-image-730\" src=\"http:\/\/macke.spdns.de\/wp-content\/uploads\/2018\/02\/20180204_140430-300x225.jpg\" alt=\"\" width=\"300\" height=\"225\" srcset=\"https:\/\/macke.spdns.de\/wp-content\/uploads\/2018\/02\/20180204_140430-300x225.jpg 300w, https:\/\/macke.spdns.de\/wp-content\/uploads\/2018\/02\/20180204_140430-150x113.jpg 150w, https:\/\/macke.spdns.de\/wp-content\/uploads\/2018\/02\/20180204_140430-768x576.jpg 768w, https:\/\/macke.spdns.de\/wp-content\/uploads\/2018\/02\/20180204_140430-1024x768.jpg 1024w, https:\/\/macke.spdns.de\/wp-content\/uploads\/2018\/02\/20180204_140430.jpg 1958w\" sizes=\"auto, (max-width: 300px) 100vw, 300px\" \/><\/a><\/p>\n<p>Obwohl auch der Wind auffrischte, war der Weg \u00fcber die H\u00f6he sch\u00f6n zu gehen. Au\u00dfer einem anderen Wanderer und zwei F\u00fcchsen in weiter Entfernung waren wir w\u00e4hren des ganzen Wegs alleine. Mit dem Abstieg Richtung Weser nahm der Schneefall noch etwas zu.<\/p>\n<p><a href=\"http:\/\/macke.spdns.de\/wp-content\/uploads\/2018\/02\/20180204_143320.jpg\"><img loading=\"lazy\" decoding=\"async\" class=\"alignnone size-medium wp-image-731\" src=\"http:\/\/macke.spdns.de\/wp-content\/uploads\/2018\/02\/20180204_143320-300x225.jpg\" alt=\"\" width=\"300\" height=\"225\" srcset=\"https:\/\/macke.spdns.de\/wp-content\/uploads\/2018\/02\/20180204_143320-300x225.jpg 300w, https:\/\/macke.spdns.de\/wp-content\/uploads\/2018\/02\/20180204_143320-150x113.jpg 150w, https:\/\/macke.spdns.de\/wp-content\/uploads\/2018\/02\/20180204_143320-768x576.jpg 768w, https:\/\/macke.spdns.de\/wp-content\/uploads\/2018\/02\/20180204_143320-1024x768.jpg 1024w, https:\/\/macke.spdns.de\/wp-content\/uploads\/2018\/02\/20180204_143320.jpg 1958w\" sizes=\"auto, (max-width: 300px) 100vw, 300px\" \/><\/a><\/p>\n<p>Nach etwa zwei Dritteln der Gesamtstrecke gabelt sich der Weg und man kann zwischen zwei R\u00fcckwegen w\u00e4hlen. Ich habe mich f\u00fcr den &#8222;Panoramar\u00fcckweg&#8220; unterhalb der Weserklippen entschieden. Dieser Teil des Weges war ziemlich matschig und wurde manchmal auch durch umgefallene B\u00e4ume blockiert. Wegen der Witterung war auch von dem &#8222;Panorama&#8220; zun\u00e4chst nicht viel zu sehen.<\/p>\n<p><a href=\"http:\/\/macke.spdns.de\/wp-content\/uploads\/2018\/02\/20180204_151410.jpg\"><img loading=\"lazy\" decoding=\"async\" class=\"alignnone size-medium wp-image-736\" src=\"http:\/\/macke.spdns.de\/wp-content\/uploads\/2018\/02\/20180204_151410-300x225.jpg\" alt=\"\" width=\"300\" height=\"225\" srcset=\"https:\/\/macke.spdns.de\/wp-content\/uploads\/2018\/02\/20180204_151410-300x225.jpg 300w, https:\/\/macke.spdns.de\/wp-content\/uploads\/2018\/02\/20180204_151410-150x113.jpg 150w, https:\/\/macke.spdns.de\/wp-content\/uploads\/2018\/02\/20180204_151410-768x576.jpg 768w, https:\/\/macke.spdns.de\/wp-content\/uploads\/2018\/02\/20180204_151410-1024x768.jpg 1024w, https:\/\/macke.spdns.de\/wp-content\/uploads\/2018\/02\/20180204_151410.jpg 1958w\" sizes=\"auto, (max-width: 300px) 100vw, 300px\" \/><\/a><\/p>\n<p>Kurze Zeit nachdem ich das Foto gemacht hatte besserte sich die Witterung und wir hatten bis Heinsen einen fast klaren Himmel.<\/p>\n<p><a href=\"http:\/\/macke.spdns.de\/wp-content\/uploads\/2018\/02\/20180204_153659.jpg\"><img loading=\"lazy\" decoding=\"async\" class=\"alignnone size-medium wp-image-733\" src=\"http:\/\/macke.spdns.de\/wp-content\/uploads\/2018\/02\/20180204_153659-300x225.jpg\" alt=\"\" width=\"300\" height=\"225\" srcset=\"https:\/\/macke.spdns.de\/wp-content\/uploads\/2018\/02\/20180204_153659-300x225.jpg 300w, https:\/\/macke.spdns.de\/wp-content\/uploads\/2018\/02\/20180204_153659-150x113.jpg 150w, https:\/\/macke.spdns.de\/wp-content\/uploads\/2018\/02\/20180204_153659-768x576.jpg 768w, https:\/\/macke.spdns.de\/wp-content\/uploads\/2018\/02\/20180204_153659-1024x768.jpg 1024w, https:\/\/macke.spdns.de\/wp-content\/uploads\/2018\/02\/20180204_153659.jpg 1958w\" sizes=\"auto, (max-width: 300px) 100vw, 300px\" \/><\/a> <a href=\"http:\/\/macke.spdns.de\/wp-content\/uploads\/2018\/02\/20180204_153048.jpg\"><img loading=\"lazy\" decoding=\"async\" class=\"alignnone size-medium wp-image-732\" src=\"http:\/\/macke.spdns.de\/wp-content\/uploads\/2018\/02\/20180204_153048-300x225.jpg\" alt=\"\" width=\"300\" height=\"225\" srcset=\"https:\/\/macke.spdns.de\/wp-content\/uploads\/2018\/02\/20180204_153048-300x225.jpg 300w, https:\/\/macke.spdns.de\/wp-content\/uploads\/2018\/02\/20180204_153048-150x113.jpg 150w, https:\/\/macke.spdns.de\/wp-content\/uploads\/2018\/02\/20180204_153048-768x576.jpg 768w, https:\/\/macke.spdns.de\/wp-content\/uploads\/2018\/02\/20180204_153048-1024x768.jpg 1024w, https:\/\/macke.spdns.de\/wp-content\/uploads\/2018\/02\/20180204_153048.jpg 1958w\" sizes=\"auto, (max-width: 300px) 100vw, 300px\" \/><\/a><\/p>\n<p>Fazit: Auch bei Schnee eine sch\u00f6ne Wanderung. Das im Dezember angebrochene Knie hat auch prima durchgehalten. Es kann wieder \u00f6fter losgehen! \ud83d\ude09<\/p>\n<p>Vielleicht sollte man viele Wanderungen zu anderen Jahreszeiten wiederholen.<\/p>\n<div id=\"tsmap_1\"  style=\"width: 100%; height: 480px; max-width: 100%\"><\/div>\n<p>&nbsp;<\/p>\n<p>&nbsp;<\/p>\n","protected":false},"excerpt":{"rendered":"<p>Den Wanderweg bin ich im Fr\u00fchjahr schon einmal gegangen. Heute wollte ich mir die sch\u00f6ne Runde noch einmal bei Schnee anschauen. Als ich losging, sah das Wetter gar nicht schlecht aus. Es regnete und schneite nicht, der Himmel war zwar bedeckt aber hell. &nbsp; Als Kora und ich den h\u00f6chsten Punkt der Wanderung&nbsp; beim alten [&hellip;]<\/p>\n","protected":false},"author":1,"featured_media":0,"comment_status":"closed","ping_status":"open","sticky":false,"template":"","format":"gallery","meta":{"footnotes":""},"categories":[9],"tags":[14,15],"class_list":["post-727","post","type-post","status-publish","format-gallery","hentry","category-draussen-und-unterwegs","tag-heinsen","tag-weser","post_format-post-format-gallery"],"_links":{"self":[{"href":"https:\/\/macke.spdns.de\/index.php?rest_route=\/wp\/v2\/posts\/727","targetHints":{"allow":["GET"]}}],"collection":[{"href":"https:\/\/macke.spdns.de\/index.php?rest_route=\/wp\/v2\/posts"}],"about":[{"href":"https:\/\/macke.spdns.de\/index.php?rest_route=\/wp\/v2\/types\/post"}],"author":[{"embeddable":true,"href":"https:\/\/macke.spdns.de\/index.php?rest_route=\/wp\/v2\/users\/1"}],"replies":[{"embeddable":true,"href":"https:\/\/macke.spdns.de\/index.php?rest_route=%2Fwp%2Fv2%2Fcomments&post=727"}],"version-history":[{"count":0,"href":"https:\/\/macke.spdns.de\/index.php?rest_route=\/wp\/v2\/posts\/727\/revisions"}],"wp:attachment":[{"href":"https:\/\/macke.spdns.de\/index.php?rest_route=%2Fwp%2Fv2%2Fmedia&parent=727"}],"wp:term":[{"taxonomy":"category","embeddable":true,"href":"https:\/\/macke.spdns.de\/index.php?rest_route=%2Fwp%2Fv2%2Fcategories&post=727"},{"taxonomy":"post_tag","embeddable":true,"href":"https:\/\/macke.spdns.de\/index.php?rest_route=%2Fwp%2Fv2%2Ftags&post=727"}],"curies":[{"name":"wp","href":"https:\/\/api.w.org\/{rel}","templated":true}]}}