{"id":6329,"date":"2026-04-21T15:39:28","date_gmt":"2026-04-21T13:39:28","guid":{"rendered":"https:\/\/macke.spdns.de\/?p=6329"},"modified":"2026-04-26T15:30:03","modified_gmt":"2026-04-26T13:30:03","slug":"__trashed","status":"publish","type":"post","link":"https:\/\/macke.spdns.de\/?p=6329","title":{"rendered":"E1 &#8211; Vorbereitungen 2026"},"content":{"rendered":"\n<p>Es ist mal wieder an der Zeit die E1-Wanderung 2026 zu planen. Zun\u00e4chst schaue ich nach den anstehenden Etappen. Hier die letzte Etappe 2025:<\/p>\n\n\n\n<div id=\"tsmap_1\"  style=\"width: 100%; height: 480px; max-width: 100%\"><\/div>\n\n\n\n<p><\/p>\n\n\n\n<p>Im vergangenen Jahr waren wir bis zum Gasthaus Wilhelmsh\u00f6he an der Obertalstr. (L 109) in der N\u00e4he von Schonach gewandert (10.07). Dort werden wir in diesem Jahr die Wanderung wieder aufnehmen. Der Endpunkt entspricht auch einem &#8222;vorgegebenen&#8220; Etappenziel. Dann folgen die Etappen:<\/p>\n\n\n\n<p>10.08 Wilhelmsh\u00f6he (Schonach) &#8211; Thurner (30 km<sup data-fn=\"52648a0f-bd68-40d9-9c02-17826411e3fc\" class=\"fn\"><a href=\"#52648a0f-bd68-40d9-9c02-17826411e3fc\" id=\"52648a0f-bd68-40d9-9c02-17826411e3fc-link\">1<\/a><\/sup>, 997 m Aufstieg, 924 m Abstieg)<br>10.09 Thurner &#8211; Feldberg (30 km, 1240 m Aufstieg, 802 m Abstieg)<br>10.10 Feldberg &#8211; Lenzkirch (26 km, 555 m Aufstieg, 1229 m Abstieg)<br>10.11 Lenzkirch &#8211; Schattenm\u00fchle (19 km, 678 m Aufstieg, 799 m Abstieg)<\/p>\n\n\n\n<p>Macht zusammen 105 km. Das haben wir noch nie geschafft! Auch die 86 km der ersten drei Etappen sind schon sportlich, zumal es noch ziemlich bergig ist und uns dort insgesamt 2792 m Aufstieg und 2955 m Abstieg erwarten. Es scheint aber wieder so, wie im vergangenen Jahr zu sein: Weil der Wegverlauf durch eher unbewohnte Gegenden f\u00fchrt, k\u00f6nnte es schwierig werden, eine Etappe eher zu beenden. Wir werden sehen. Hier die n\u00e4chsten drei Etappen:<\/p>\n\n\n<div id=\"tsmap_2\"  style=\"width: 100%; height: 480px; max-width: 100%\"><\/div>\n\n\n\n<p>Als Unterkunft habe ich in diesem Jahr eine Ferienwohnung in einem alten <a href=\"https:\/\/hofgutschwoererhof.de\/hisli\/\">Bauernhaus<\/a> gebucht. Die Deckenh\u00f6he soll etwas niedrig sein, aber Johannes ist dieses Jahr ja nicht dabei. Eventuell sollte ich eine Bommelm\u00fctze mitnehmen. Die Adresse f\u00fcr die Anreise ist: <\/p>\n\n\n\n<p>Familie Faller<br>Jostalstra\u00dfe 126<br>D-79822 Titisee-Neustadt<br>Tel.: 07669 921220<br>Email: <a href=\"https:\/\/hofgutschwoererhof.de\/#info@hofgutschwoererhof.de\" target=\"_blank\" rel=\"noreferrer noopener\">info@hofgutschwoererhof.de<\/a><\/p>\n\n\n\n<p>Gebucht ist vom 2.9.26 bis zum 6.9.26, <br>Bettw\u00e4sche und Handt\u00fccher sind mitzubringen!<\/p>\n\n\n\n<p>Besonderheiten unterwegs:<\/p>\n\n\n\n<p>Am Ende der zweiten Etappe werden wir den Westweg, der seit Pforzheim identisch mit dem E1 ist, verlassen. Der E1 verl\u00e4uft im Weiteren zum Schluchsee und der Westweg in Richtung Herzogenhorn. Wir m\u00fcssen also ab dann wieder dem Andreaskreuz und nicht mehr der roten Raute folgen.<\/p>\n\n\n\n<p>Vor Beginn der R\u00fcckfahrt 2025 haben wir noch die Quelle der Brigach, eines der Quellfl\u00fcsse der Donau, besucht. Vielleicht gelingt es uns in diesem Jahr die Bregquelle in der N\u00e4he von Furtwangen zu besuchen.  Dann h\u00e4tten wir die Donauquellen auch &#8222;abgehakt&#8220;.<\/p>\n\n\n\n<p>Im n\u00e4chsten Jahr kommt dann der spektakul\u00e4rste Abschnitt des E1 er trifft bei Aselfingen auf die Wutach. Ihr folgt er durch die <a href=\"https:\/\/de.wikipedia.org\/wiki\/Wutachschlucht\">Wutachschlucht<\/a>.<\/p>\n\n\n\n<p><\/p>\n\n\n<ol class=\"wp-block-footnotes\"><li id=\"52648a0f-bd68-40d9-9c02-17826411e3fc\">Alle H\u00f6hen- und L\u00e4ngenangaben sowie ein Teil der GPX-Daten in diesem Beitrag  stammen von <a href=\"https:\/\/e1.hiking-europe.eu\/e1\/etappen\/deutschland\">Hiking Europe<\/a>. Vielen Dank daf\u00fcr! <a href=\"#52648a0f-bd68-40d9-9c02-17826411e3fc-link\" aria-label=\"Zur Fu\u00dfnotenreferenz 1 navigieren\">\u21a9\ufe0e<\/a><\/li><\/ol>\n\n\n<p><\/p>\n","protected":false},"excerpt":{"rendered":"<p>Es ist mal wieder an der Zeit die E1-Wanderung 2026 zu planen. Zun\u00e4chst schaue ich nach den anstehenden Etappen. Hier die letzte Etappe 2025: Im vergangenen Jahr waren wir bis zum Gasthaus Wilhelmsh\u00f6he an der Obertalstr. (L 109) in der N\u00e4he von Schonach gewandert (10.07). Dort werden wir in diesem Jahr die Wanderung wieder aufnehmen. [&hellip;]<\/p>\n","protected":false},"author":1,"featured_media":6057,"comment_status":"closed","ping_status":"open","sticky":false,"template":"","format":"standard","meta":{"footnotes":"[{\"content\":\"Alle H\u00f6hen- und L\u00e4ngenangaben sowie ein Teil der GPX-Daten in diesem Beitrag  stammen von <a href=\\\"https:\/\/e1.hiking-europe.eu\/e1\/etappen\/deutschland\\\">Hiking Europe<\/a>. Vielen Dank daf\u00fcr!\",\"id\":\"52648a0f-bd68-40d9-9c02-17826411e3fc\"}]"},"categories":[19],"tags":[],"class_list":["post-6329","post","type-post","status-publish","format-standard","has-post-thumbnail","hentry","category-e1"],"_links":{"self":[{"href":"https:\/\/macke.spdns.de\/index.php?rest_route=\/wp\/v2\/posts\/6329","targetHints":{"allow":["GET"]}}],"collection":[{"href":"https:\/\/macke.spdns.de\/index.php?rest_route=\/wp\/v2\/posts"}],"about":[{"href":"https:\/\/macke.spdns.de\/index.php?rest_route=\/wp\/v2\/types\/post"}],"author":[{"embeddable":true,"href":"https:\/\/macke.spdns.de\/index.php?rest_route=\/wp\/v2\/users\/1"}],"replies":[{"embeddable":true,"href":"https:\/\/macke.spdns.de\/index.php?rest_route=%2Fwp%2Fv2%2Fcomments&post=6329"}],"version-history":[{"count":28,"href":"https:\/\/macke.spdns.de\/index.php?rest_route=\/wp\/v2\/posts\/6329\/revisions"}],"predecessor-version":[{"id":6358,"href":"https:\/\/macke.spdns.de\/index.php?rest_route=\/wp\/v2\/posts\/6329\/revisions\/6358"}],"wp:featuredmedia":[{"embeddable":true,"href":"https:\/\/macke.spdns.de\/index.php?rest_route=\/wp\/v2\/media\/6057"}],"wp:attachment":[{"href":"https:\/\/macke.spdns.de\/index.php?rest_route=%2Fwp%2Fv2%2Fmedia&parent=6329"}],"wp:term":[{"taxonomy":"category","embeddable":true,"href":"https:\/\/macke.spdns.de\/index.php?rest_route=%2Fwp%2Fv2%2Fcategories&post=6329"},{"taxonomy":"post_tag","embeddable":true,"href":"https:\/\/macke.spdns.de\/index.php?rest_route=%2Fwp%2Fv2%2Ftags&post=6329"}],"curies":[{"name":"wp","href":"https:\/\/api.w.org\/{rel}","templated":true}]}}