{"id":6165,"date":"2025-09-06T19:12:40","date_gmt":"2025-09-06T17:12:40","guid":{"rendered":"https:\/\/macke.spdns.de\/?p=6165"},"modified":"2025-09-14T18:24:24","modified_gmt":"2025-09-14T16:24:24","slug":"e1-2025-dritter-tag","status":"publish","type":"post","link":"https:\/\/macke.spdns.de\/?p=6165","title":{"rendered":"E1 2025 &#8211; Dritter Tag"},"content":{"rendered":"\n<p>Heute steht eine anspruchsvolle Etappe von Hausach nach Wilhelmsh\u00f6he an. Die Strecke betr\u00e4gt nur zwanzig Kilometer, aber es gilt mehr als 1000 H\u00f6henmeter in mehreren steilen Anstiegen zu bew\u00e4ltigen. Um genau zu sein: 1172 m bergan und 434 m bergab.<\/p>\n\n\n\n<figure class=\"wp-block-image size-large is-resized\"><img loading=\"lazy\" decoding=\"async\" width=\"1024\" height=\"603\" src=\"https:\/\/macke.spdns.de\/wp-content\/uploads\/2025\/09\/screenshot_20250907_071539_osmand8719042712375521033-1024x603.jpg\" alt=\"\" class=\"wp-image-6167\" style=\"width:489px;height:auto\" srcset=\"https:\/\/macke.spdns.de\/wp-content\/uploads\/2025\/09\/screenshot_20250907_071539_osmand8719042712375521033-1024x603.jpg 1024w, https:\/\/macke.spdns.de\/wp-content\/uploads\/2025\/09\/screenshot_20250907_071539_osmand8719042712375521033-300x177.jpg 300w, https:\/\/macke.spdns.de\/wp-content\/uploads\/2025\/09\/screenshot_20250907_071539_osmand8719042712375521033-150x88.jpg 150w, https:\/\/macke.spdns.de\/wp-content\/uploads\/2025\/09\/screenshot_20250907_071539_osmand8719042712375521033-768x452.jpg 768w, https:\/\/macke.spdns.de\/wp-content\/uploads\/2025\/09\/screenshot_20250907_071539_osmand8719042712375521033-1536x904.jpg 1536w, https:\/\/macke.spdns.de\/wp-content\/uploads\/2025\/09\/screenshot_20250907_071539_osmand8719042712375521033-816x480.jpg 816w, https:\/\/macke.spdns.de\/wp-content\/uploads\/2025\/09\/screenshot_20250907_071539_osmand8719042712375521033.jpg 2000w\" sizes=\"auto, (max-width: 1024px) 100vw, 1024px\" \/><\/figure>\n\n\n\n<p>Wir stellen unser Auto am Bahnhof in Hausach ab und gehen durch das St\u00e4dtchen ein St\u00fcck an der Kinzig entlang. Am Ortsende biegen wir nach links in den Wald ab. Hier erwartet uns gleich der erste Anstieg, vor dem sogar in Andreas E1-Buch \u201egewarnt\u201c wird.<\/p>\n\n\n\n<p>Als wir etwa die H\u00f6he des Kirchturms erreicht haben, gibt es eine kleine Fotopause mit Blick \u00fcber Hausach. <\/p>\n\n\n\n<figure class=\"wp-block-image size-large\"><img loading=\"lazy\" decoding=\"async\" width=\"1024\" height=\"577\" src=\"https:\/\/macke.spdns.de\/wp-content\/uploads\/2025\/09\/20250906_1026148647246755561303374-1024x577.jpg\" alt=\"\" class=\"wp-image-6170\" srcset=\"https:\/\/macke.spdns.de\/wp-content\/uploads\/2025\/09\/20250906_1026148647246755561303374-1024x577.jpg 1024w, https:\/\/macke.spdns.de\/wp-content\/uploads\/2025\/09\/20250906_1026148647246755561303374-300x169.jpg 300w, https:\/\/macke.spdns.de\/wp-content\/uploads\/2025\/09\/20250906_1026148647246755561303374-150x84.jpg 150w, https:\/\/macke.spdns.de\/wp-content\/uploads\/2025\/09\/20250906_1026148647246755561303374-768x432.jpg 768w, https:\/\/macke.spdns.de\/wp-content\/uploads\/2025\/09\/20250906_1026148647246755561303374-1536x865.jpg 1536w, https:\/\/macke.spdns.de\/wp-content\/uploads\/2025\/09\/20250906_1026148647246755561303374-816x459.jpg 816w, https:\/\/macke.spdns.de\/wp-content\/uploads\/2025\/09\/20250906_1026148647246755561303374.jpg 2000w\" sizes=\"auto, (max-width: 1024px) 100vw, 1024px\" \/><figcaption class=\"wp-element-caption\">Hausach a.d. Kinzig <\/figcaption><\/figure>\n\n\n\n<figure class=\"wp-block-image\"><img loading=\"lazy\" decoding=\"async\" width=\"1024\" height=\"577\" src=\"https:\/\/macke.spdns.de\/wp-content\/uploads\/2025\/09\/20250906_1024123456650392775007522-1024x577.jpg\" alt=\"\" class=\"wp-image-6171\" srcset=\"https:\/\/macke.spdns.de\/wp-content\/uploads\/2025\/09\/20250906_1024123456650392775007522-1024x577.jpg 1024w, https:\/\/macke.spdns.de\/wp-content\/uploads\/2025\/09\/20250906_1024123456650392775007522-300x169.jpg 300w, https:\/\/macke.spdns.de\/wp-content\/uploads\/2025\/09\/20250906_1024123456650392775007522-150x84.jpg 150w, https:\/\/macke.spdns.de\/wp-content\/uploads\/2025\/09\/20250906_1024123456650392775007522-768x432.jpg 768w, https:\/\/macke.spdns.de\/wp-content\/uploads\/2025\/09\/20250906_1024123456650392775007522-1536x865.jpg 1536w, https:\/\/macke.spdns.de\/wp-content\/uploads\/2025\/09\/20250906_1024123456650392775007522-816x459.jpg 816w, https:\/\/macke.spdns.de\/wp-content\/uploads\/2025\/09\/20250906_1024123456650392775007522.jpg 2000w\" sizes=\"auto, (max-width: 1024px) 100vw, 1024px\" \/><\/figure>\n\n\n\n<p>Kurze Pause<\/p>\n\n\n\n<p>Dann wandern wir weiter, bis wir nach etwa 4,5 km eine H\u00f6he von 780 m \u00fc NN erreicht haben. Das entspricht einer durchschnittlichen Steigung von 12 Prozent auf diesem St\u00fcck des Wegs. Damit haben wir den Gipfel des Farrenkopfs erreicht.<\/p>\n\n\n\n<figure class=\"wp-block-image size-large is-resized\"><img loading=\"lazy\" decoding=\"async\" width=\"768\" height=\"1024\" src=\"https:\/\/macke.spdns.de\/wp-content\/uploads\/2025\/09\/2025-09-06-11-15-31-768x1024.jpg\" alt=\"\" class=\"wp-image-6226\" style=\"width:359px;height:auto\" srcset=\"https:\/\/macke.spdns.de\/wp-content\/uploads\/2025\/09\/2025-09-06-11-15-31-768x1024.jpg 768w, https:\/\/macke.spdns.de\/wp-content\/uploads\/2025\/09\/2025-09-06-11-15-31-225x300.jpg 225w, https:\/\/macke.spdns.de\/wp-content\/uploads\/2025\/09\/2025-09-06-11-15-31-113x150.jpg 113w, https:\/\/macke.spdns.de\/wp-content\/uploads\/2025\/09\/2025-09-06-11-15-31-1152x1536.jpg 1152w, https:\/\/macke.spdns.de\/wp-content\/uploads\/2025\/09\/2025-09-06-11-15-31-1536x2048.jpg 1536w, https:\/\/macke.spdns.de\/wp-content\/uploads\/2025\/09\/2025-09-06-11-15-31-816x1088.jpg 816w, https:\/\/macke.spdns.de\/wp-content\/uploads\/2025\/09\/2025-09-06-11-15-31-scaled.jpg 1920w\" sizes=\"auto, (max-width: 768px) 100vw, 768px\" \/><\/figure>\n\n\n\n<p>Oben angekommen finden wir B\u00e4nke, eine H\u00fctte und treffen auf eine Wandergruppe des Schwarzwaldvereins. In netter Gesellschaft schmecken die mitgebrachten Brote doppelt gut und wie so h\u00e4ufig l\u00f6st die Geschichte unserer nunmehr f\u00fcnfundzwanzigsten Wanderung etwas Bewunderung aus.<\/p>\n\n\n\n<p>Als R\u00fccken und Haare etwas abgetrocknet sind, setzen wir unsere Wanderung fort. Der Weg bleibt anstrengend, jetzt mit steilen Abstiegen. Aber es gibt jetzt auch ebene Abschnitte, oft mit sch\u00f6nem Blick.<\/p>\n\n\n\n<figure class=\"wp-block-image size-large\"><img loading=\"lazy\" decoding=\"async\" width=\"1024\" height=\"577\" src=\"https:\/\/macke.spdns.de\/wp-content\/uploads\/2025\/09\/20250906_1102328813947906209393560-1-1024x577.jpg\" alt=\"\" class=\"wp-image-6177\" srcset=\"https:\/\/macke.spdns.de\/wp-content\/uploads\/2025\/09\/20250906_1102328813947906209393560-1-1024x577.jpg 1024w, https:\/\/macke.spdns.de\/wp-content\/uploads\/2025\/09\/20250906_1102328813947906209393560-1-300x169.jpg 300w, https:\/\/macke.spdns.de\/wp-content\/uploads\/2025\/09\/20250906_1102328813947906209393560-1-150x84.jpg 150w, https:\/\/macke.spdns.de\/wp-content\/uploads\/2025\/09\/20250906_1102328813947906209393560-1-768x432.jpg 768w, https:\/\/macke.spdns.de\/wp-content\/uploads\/2025\/09\/20250906_1102328813947906209393560-1-1536x865.jpg 1536w, https:\/\/macke.spdns.de\/wp-content\/uploads\/2025\/09\/20250906_1102328813947906209393560-1-816x459.jpg 816w, https:\/\/macke.spdns.de\/wp-content\/uploads\/2025\/09\/20250906_1102328813947906209393560-1.jpg 2000w\" sizes=\"auto, (max-width: 1024px) 100vw, 1024px\" \/><figcaption class=\"wp-element-caption\">Hinter dem Farrenkopf<\/figcaption><\/figure>\n\n\n\n<figure class=\"wp-block-image size-large\"><img loading=\"lazy\" decoding=\"async\" width=\"1024\" height=\"577\" src=\"https:\/\/macke.spdns.de\/wp-content\/uploads\/2025\/09\/20250906_1102289029336076128546623-1024x577.jpg\" alt=\"\" class=\"wp-image-6173\" srcset=\"https:\/\/macke.spdns.de\/wp-content\/uploads\/2025\/09\/20250906_1102289029336076128546623-1024x577.jpg 1024w, https:\/\/macke.spdns.de\/wp-content\/uploads\/2025\/09\/20250906_1102289029336076128546623-300x169.jpg 300w, https:\/\/macke.spdns.de\/wp-content\/uploads\/2025\/09\/20250906_1102289029336076128546623-150x84.jpg 150w, https:\/\/macke.spdns.de\/wp-content\/uploads\/2025\/09\/20250906_1102289029336076128546623-768x432.jpg 768w, https:\/\/macke.spdns.de\/wp-content\/uploads\/2025\/09\/20250906_1102289029336076128546623-1536x865.jpg 1536w, https:\/\/macke.spdns.de\/wp-content\/uploads\/2025\/09\/20250906_1102289029336076128546623-816x459.jpg 816w, https:\/\/macke.spdns.de\/wp-content\/uploads\/2025\/09\/20250906_1102289029336076128546623.jpg 2000w\" sizes=\"auto, (max-width: 1024px) 100vw, 1024px\" \/><\/figure>\n\n\n\n<p>Wir passieren mehrere Windr\u00e4der und Windradbaustellen, eine davon mit eher m\u00e4\u00dfigem Erfolg.<\/p>\n\n\n\n<figure class=\"wp-block-image size-large\"><img loading=\"lazy\" decoding=\"async\" width=\"1024\" height=\"577\" src=\"https:\/\/macke.spdns.de\/wp-content\/uploads\/2025\/09\/20250906_1309266761288336094855367-1024x577.jpg\" alt=\"\" class=\"wp-image-6174\" srcset=\"https:\/\/macke.spdns.de\/wp-content\/uploads\/2025\/09\/20250906_1309266761288336094855367-1024x577.jpg 1024w, https:\/\/macke.spdns.de\/wp-content\/uploads\/2025\/09\/20250906_1309266761288336094855367-300x169.jpg 300w, https:\/\/macke.spdns.de\/wp-content\/uploads\/2025\/09\/20250906_1309266761288336094855367-150x84.jpg 150w, https:\/\/macke.spdns.de\/wp-content\/uploads\/2025\/09\/20250906_1309266761288336094855367-768x432.jpg 768w, https:\/\/macke.spdns.de\/wp-content\/uploads\/2025\/09\/20250906_1309266761288336094855367-1536x865.jpg 1536w, https:\/\/macke.spdns.de\/wp-content\/uploads\/2025\/09\/20250906_1309266761288336094855367-816x459.jpg 816w, https:\/\/macke.spdns.de\/wp-content\/uploads\/2025\/09\/20250906_1309266761288336094855367.jpg 2000w\" sizes=\"auto, (max-width: 1024px) 100vw, 1024px\" \/><figcaption class=\"wp-element-caption\">Vom Wind umgest\u00fcrzter Kran<\/figcaption><\/figure>\n\n\n\n<p>Etwa bei Kilometer 11 erreichen wir wieder eine heftige Steigung. Sie ist etwa so steil wie der Anstieg in Hausach aber doppelt so lang. Nach einigen Metern verstummen alle Gespr\u00e4che und man h\u00f6rt nur noch das Klicken der Wanderst\u00f6cke.<\/p>\n\n\n\n<p>Als wir etwa 960 Meter\u00fcber NN erreicht haben, verl\u00e4uft der Rest des Weges auf etwa gleicher H\u00f6he.<\/p>\n\n\n\n<p>Auf der H\u00e4lfte des Aufstiegs und der H\u00e4lfte des Westwegs liegt der Huberfelsen und wir genie\u00dfen das Panorama von oben und eine kurze Pause.<\/p>\n\n\n\n<figure class=\"wp-block-image\"><img loading=\"lazy\" decoding=\"async\" width=\"1024\" height=\"577\" src=\"https:\/\/macke.spdns.de\/wp-content\/uploads\/2025\/09\/20250906_1446344525568810785254527-1024x577.jpg\" alt=\"\" class=\"wp-image-6176\" srcset=\"https:\/\/macke.spdns.de\/wp-content\/uploads\/2025\/09\/20250906_1446344525568810785254527-1024x577.jpg 1024w, https:\/\/macke.spdns.de\/wp-content\/uploads\/2025\/09\/20250906_1446344525568810785254527-300x169.jpg 300w, https:\/\/macke.spdns.de\/wp-content\/uploads\/2025\/09\/20250906_1446344525568810785254527-150x84.jpg 150w, https:\/\/macke.spdns.de\/wp-content\/uploads\/2025\/09\/20250906_1446344525568810785254527-768x432.jpg 768w, https:\/\/macke.spdns.de\/wp-content\/uploads\/2025\/09\/20250906_1446344525568810785254527-1536x865.jpg 1536w, https:\/\/macke.spdns.de\/wp-content\/uploads\/2025\/09\/20250906_1446344525568810785254527-816x459.jpg 816w, https:\/\/macke.spdns.de\/wp-content\/uploads\/2025\/09\/20250906_1446344525568810785254527.jpg 2000w\" sizes=\"auto, (max-width: 1024px) 100vw, 1024px\" \/><figcaption class=\"wp-element-caption\">Der Huberfelsen<\/figcaption><\/figure>\n\n\n\n<figure class=\"wp-block-image size-large\"><img loading=\"lazy\" decoding=\"async\" width=\"1024\" height=\"577\" src=\"https:\/\/macke.spdns.de\/wp-content\/uploads\/2025\/09\/20250906_1441291626467850888715589-1024x577.jpg\" alt=\"\" class=\"wp-image-6178\" srcset=\"https:\/\/macke.spdns.de\/wp-content\/uploads\/2025\/09\/20250906_1441291626467850888715589-1024x577.jpg 1024w, https:\/\/macke.spdns.de\/wp-content\/uploads\/2025\/09\/20250906_1441291626467850888715589-300x169.jpg 300w, https:\/\/macke.spdns.de\/wp-content\/uploads\/2025\/09\/20250906_1441291626467850888715589-150x84.jpg 150w, https:\/\/macke.spdns.de\/wp-content\/uploads\/2025\/09\/20250906_1441291626467850888715589-768x432.jpg 768w, https:\/\/macke.spdns.de\/wp-content\/uploads\/2025\/09\/20250906_1441291626467850888715589-1536x865.jpg 1536w, https:\/\/macke.spdns.de\/wp-content\/uploads\/2025\/09\/20250906_1441291626467850888715589-816x459.jpg 816w, https:\/\/macke.spdns.de\/wp-content\/uploads\/2025\/09\/20250906_1441291626467850888715589.jpg 2000w\" sizes=\"auto, (max-width: 1024px) 100vw, 1024px\" \/><figcaption class=\"wp-element-caption\">Halbe Strecke Basel\/Pforzheim<\/figcaption><\/figure>\n\n\n\n<figure class=\"wp-block-image size-large\"><img loading=\"lazy\" decoding=\"async\" width=\"1024\" height=\"577\" src=\"https:\/\/macke.spdns.de\/wp-content\/uploads\/2025\/09\/20250906_1446143047381728937940444-1024x577.jpg\" alt=\"\" class=\"wp-image-6179\" srcset=\"https:\/\/macke.spdns.de\/wp-content\/uploads\/2025\/09\/20250906_1446143047381728937940444-1024x577.jpg 1024w, https:\/\/macke.spdns.de\/wp-content\/uploads\/2025\/09\/20250906_1446143047381728937940444-300x169.jpg 300w, https:\/\/macke.spdns.de\/wp-content\/uploads\/2025\/09\/20250906_1446143047381728937940444-150x84.jpg 150w, https:\/\/macke.spdns.de\/wp-content\/uploads\/2025\/09\/20250906_1446143047381728937940444-768x432.jpg 768w, https:\/\/macke.spdns.de\/wp-content\/uploads\/2025\/09\/20250906_1446143047381728937940444-1536x865.jpg 1536w, https:\/\/macke.spdns.de\/wp-content\/uploads\/2025\/09\/20250906_1446143047381728937940444-816x459.jpg 816w, https:\/\/macke.spdns.de\/wp-content\/uploads\/2025\/09\/20250906_1446143047381728937940444.jpg 2000w\" sizes=\"auto, (max-width: 1024px) 100vw, 1024px\" \/><figcaption class=\"wp-element-caption\">kurze Pause<\/figcaption><\/figure>\n\n\n\n<p>Vom Huberfelsen laufen wir weiter zum Karlstein auf dem Gipfel des Hauensteines.<\/p>\n\n\n\n<figure class=\"wp-block-image size-large\"><img loading=\"lazy\" decoding=\"async\" width=\"1024\" height=\"577\" src=\"https:\/\/macke.spdns.de\/wp-content\/uploads\/2025\/09\/20250906_1557191761383751724686920-1024x577.jpg\" alt=\"\" class=\"wp-image-6180\" srcset=\"https:\/\/macke.spdns.de\/wp-content\/uploads\/2025\/09\/20250906_1557191761383751724686920-1024x577.jpg 1024w, https:\/\/macke.spdns.de\/wp-content\/uploads\/2025\/09\/20250906_1557191761383751724686920-300x169.jpg 300w, https:\/\/macke.spdns.de\/wp-content\/uploads\/2025\/09\/20250906_1557191761383751724686920-150x84.jpg 150w, https:\/\/macke.spdns.de\/wp-content\/uploads\/2025\/09\/20250906_1557191761383751724686920-768x432.jpg 768w, https:\/\/macke.spdns.de\/wp-content\/uploads\/2025\/09\/20250906_1557191761383751724686920-1536x865.jpg 1536w, https:\/\/macke.spdns.de\/wp-content\/uploads\/2025\/09\/20250906_1557191761383751724686920-816x459.jpg 816w, https:\/\/macke.spdns.de\/wp-content\/uploads\/2025\/09\/20250906_1557191761383751724686920.jpg 2000w\" sizes=\"auto, (max-width: 1024px) 100vw, 1024px\" \/><figcaption class=\"wp-element-caption\">Karlstein<\/figcaption><\/figure>\n\n\n\n<p>Etwas sp\u00e4ter erreichen wir das Hotel \u201eSch\u00f6ne Aussicht\u201c, wo es ein lange erhofftes Radler gibt. Zumindest Bernds und meine Wasservorr\u00e4te sind ersch\u00f6pft.<\/p>\n\n\n\n<p>Von der \u201eSch\u00f6nen Aussicht\u201c bis zur Wilhelmsh\u00f6he sind es nur noch 3,5 km, ein besserer Spaziergang.<\/p>\n\n\n\n<p>Insgesamt waren wir f\u00fcr etwa 20 km neuneinhalb Stunden unterwegs und sind alle ziemlich geschafft. <\/p>\n\n\n\n<div id=\"tsmap_1\"  style=\"width: 100%; height: 480px; max-width: 100%\"><\/div>\n\n\n\n<p><\/p>\n","protected":false},"excerpt":{"rendered":"<p>Heute steht eine anspruchsvolle Etappe von Hausach nach Wilhelmsh\u00f6he an. Die Strecke betr\u00e4gt nur zwanzig Kilometer, aber es gilt mehr als 1000 H\u00f6henmeter in mehreren steilen Anstiegen zu bew\u00e4ltigen. Um genau zu sein: 1172 m bergan und 434 m bergab. Wir stellen unser Auto am Bahnhof in Hausach ab und gehen durch das St\u00e4dtchen ein [&hellip;]<\/p>\n","protected":false},"author":1,"featured_media":6229,"comment_status":"closed","ping_status":"open","sticky":false,"template":"","format":"standard","meta":{"footnotes":""},"categories":[9,19],"tags":[],"class_list":["post-6165","post","type-post","status-publish","format-standard","has-post-thumbnail","hentry","category-draussen-und-unterwegs","category-e1"],"_links":{"self":[{"href":"https:\/\/macke.spdns.de\/index.php?rest_route=\/wp\/v2\/posts\/6165","targetHints":{"allow":["GET"]}}],"collection":[{"href":"https:\/\/macke.spdns.de\/index.php?rest_route=\/wp\/v2\/posts"}],"about":[{"href":"https:\/\/macke.spdns.de\/index.php?rest_route=\/wp\/v2\/types\/post"}],"author":[{"embeddable":true,"href":"https:\/\/macke.spdns.de\/index.php?rest_route=\/wp\/v2\/users\/1"}],"replies":[{"embeddable":true,"href":"https:\/\/macke.spdns.de\/index.php?rest_route=%2Fwp%2Fv2%2Fcomments&post=6165"}],"version-history":[{"count":0,"href":"https:\/\/macke.spdns.de\/index.php?rest_route=\/wp\/v2\/posts\/6165\/revisions"}],"wp:featuredmedia":[{"embeddable":true,"href":"https:\/\/macke.spdns.de\/index.php?rest_route=\/wp\/v2\/media\/6229"}],"wp:attachment":[{"href":"https:\/\/macke.spdns.de\/index.php?rest_route=%2Fwp%2Fv2%2Fmedia&parent=6165"}],"wp:term":[{"taxonomy":"category","embeddable":true,"href":"https:\/\/macke.spdns.de\/index.php?rest_route=%2Fwp%2Fv2%2Fcategories&post=6165"},{"taxonomy":"post_tag","embeddable":true,"href":"https:\/\/macke.spdns.de\/index.php?rest_route=%2Fwp%2Fv2%2Ftags&post=6165"}],"curies":[{"name":"wp","href":"https:\/\/api.w.org\/{rel}","templated":true}]}}