{"id":6041,"date":"2025-04-05T19:19:49","date_gmt":"2025-04-05T17:19:49","guid":{"rendered":"https:\/\/macke.spdns.de\/?p=6041"},"modified":"2025-04-13T16:07:40","modified_gmt":"2025-04-13T14:07:40","slug":"e1-vorbereitungen-2025","status":"publish","type":"post","link":"https:\/\/macke.spdns.de\/?p=6041","title":{"rendered":"E1 \u2013 Vorbereitungen 2025"},"content":{"rendered":"\n<p>Es ist wieder soweit. Mitte bis  Ende M\u00e4rz wird es Zeit die Unterkunft zu buchen. Im vergangenen Jahr haben wir unsere Wanderung wegen der hohen Temperaturen etwas fr\u00fcher beendet. Eigentlich endete die vorgesehene Etappe in Hark, vielleicht auch erst in Hausach, wenn wir am Samstag noch gewandert w\u00e4ren. Aber da waren wir ja in Baden-Baden.<\/p>\n\n\n\n<p>Ich hatte gestern deshalb bereits im Harkhof in Hark angefragt, aber leider waren dort nur noch Zimmer f\u00fcr 2 Tage frei. Um mir die Suche zu erleichtern, erstelle ich unten auf der Seite eine Karte mit den geplanten Etappen und kann dann gucken, welche Orte in der N\u00e4he liegen.  In 2023 und 24 hatten wir jeweils eine Ferienwohnung mit Selbstverpflegung. Das hat allen eigentlich gut gefallen. Hansi kommt dieses Jahr wohl wieder nicht mit, sodass ich eine FeWo mit 5 Zimmern brauche. Inzwischen m\u00f6chten alle nicht mehr so gerne in Doppelbetten schlafen. <\/p>\n\n\n\n<p>So, jetzt die Karte mit der gesamten Strecke . Von der gr\u00fcnen fehlt nur noch das St\u00fcck von Zuflucht bis Hark.<\/p>\n\n\n\n<div id=\"tsmap_1\"  style=\"width: 100%; height: 480px; max-width: 100%\"><\/div>\n\n\n\n<p>Hier gehts zur <a href=\"https:\/\/www.google.com\/maps\/d\/edit?mid=1oxywgse36mXUuh0At81E-JIJCI-s9ko&amp;usp=sharing\">Google-Karte<\/a>. Da habe ich einen Teil der Butzen markiert:<\/p>\n\n\n\n<p>So, bis gerade waren hier noch die zur Disposition stehenden Unterk\u00fcnfte. Jetzt habe ich zwei Unterk\u00fcnfte gebucht, so dass wir einmal umziehen m\u00fcssen. <\/p>\n\n\n\n<p>Vom 3. bis 5.9. im <a href=\"https:\/\/harkhof.de\">Harkhof <\/a> (60,40 \u20ac\/d)<\/p>\n\n\n\n<p>vom 5. bis 7.9. im <a href=\"https:\/\/www.gasthaus-hirschen.de\/\">Gasthaus zum Hirschen<\/a> (71,70 \u20ac\/d)<\/p>\n\n\n\n<p>Ich versuche die auch noch in die obige Google-Karte einzutragen. <\/p>\n\n\n\n<p>Ggf. m\u00fcssten wir noch ausw\u00fcrfeln, wer in welchem Zimmer schl\u00e4ft. Es gibt bei beiden Unterk\u00fcnften gr\u00f6\u00dfere und kleinere.<\/p>\n\n\n\n<p><\/p>\n\n\n\n<p><\/p>\n","protected":false},"excerpt":{"rendered":"<p>Es ist wieder soweit. Mitte bis Ende M\u00e4rz wird es Zeit die Unterkunft zu buchen. Im vergangenen Jahr haben wir unsere Wanderung wegen der hohen Temperaturen etwas fr\u00fcher beendet. Eigentlich endete die vorgesehene Etappe in Hark, vielleicht auch erst in Hausach, wenn wir am Samstag noch gewandert w\u00e4ren. Aber da waren wir ja in Baden-Baden. [&hellip;]<\/p>\n","protected":false},"author":1,"featured_media":6057,"comment_status":"closed","ping_status":"open","sticky":false,"template":"","format":"standard","meta":{"footnotes":""},"categories":[19],"tags":[],"class_list":["post-6041","post","type-post","status-publish","format-standard","has-post-thumbnail","hentry","category-e1"],"_links":{"self":[{"href":"https:\/\/macke.spdns.de\/index.php?rest_route=\/wp\/v2\/posts\/6041","targetHints":{"allow":["GET"]}}],"collection":[{"href":"https:\/\/macke.spdns.de\/index.php?rest_route=\/wp\/v2\/posts"}],"about":[{"href":"https:\/\/macke.spdns.de\/index.php?rest_route=\/wp\/v2\/types\/post"}],"author":[{"embeddable":true,"href":"https:\/\/macke.spdns.de\/index.php?rest_route=\/wp\/v2\/users\/1"}],"replies":[{"embeddable":true,"href":"https:\/\/macke.spdns.de\/index.php?rest_route=%2Fwp%2Fv2%2Fcomments&post=6041"}],"version-history":[{"count":0,"href":"https:\/\/macke.spdns.de\/index.php?rest_route=\/wp\/v2\/posts\/6041\/revisions"}],"wp:featuredmedia":[{"embeddable":true,"href":"https:\/\/macke.spdns.de\/index.php?rest_route=\/wp\/v2\/media\/6057"}],"wp:attachment":[{"href":"https:\/\/macke.spdns.de\/index.php?rest_route=%2Fwp%2Fv2%2Fmedia&parent=6041"}],"wp:term":[{"taxonomy":"category","embeddable":true,"href":"https:\/\/macke.spdns.de\/index.php?rest_route=%2Fwp%2Fv2%2Fcategories&post=6041"},{"taxonomy":"post_tag","embeddable":true,"href":"https:\/\/macke.spdns.de\/index.php?rest_route=%2Fwp%2Fv2%2Ftags&post=6041"}],"curies":[{"name":"wp","href":"https:\/\/api.w.org\/{rel}","templated":true}]}}