{"id":5692,"date":"2024-06-07T17:31:00","date_gmt":"2024-06-07T15:31:00","guid":{"rendered":"https:\/\/macke.spdns.de\/?p=5692"},"modified":"2024-06-08T12:37:34","modified_gmt":"2024-06-08T10:37:34","slug":"die-eberschuetzer-klippen","status":"publish","type":"post","link":"https:\/\/macke.spdns.de\/?p=5692","title":{"rendered":"Die Ebersch\u00fctzer Klippen"},"content":{"rendered":"\n<p>Die kleine Wanderung von etwa 5 Kilometern L\u00e4nge und mit  ca. 150 H\u00f6henmetern startet an der Diemel im Ort Ebersch\u00fctz. Vom Wanderparkplatz mitten im Ort f\u00fchrt der Weg zun\u00e4chst \u00fcber die Diemel und eine Eisenbahnstrecke.<\/p>\n\n\n\n<p>Hinter der Bahnstrecke beginnt der Aufstieg \u00fcber Kalkmagerrasenfl\u00e4chen in Richtung der Klippen. <\/p>\n\n\n\n<figure class=\"wp-block-image size-large\"><img loading=\"lazy\" decoding=\"async\" width=\"1024\" height=\"577\" src=\"https:\/\/macke.spdns.de\/wp-content\/uploads\/2024\/06\/20240607_1222391687299892249980744-1024x577.jpg\" alt=\"\" class=\"wp-image-5686\" srcset=\"https:\/\/macke.spdns.de\/wp-content\/uploads\/2024\/06\/20240607_1222391687299892249980744-1024x577.jpg 1024w, https:\/\/macke.spdns.de\/wp-content\/uploads\/2024\/06\/20240607_1222391687299892249980744-300x169.jpg 300w, https:\/\/macke.spdns.de\/wp-content\/uploads\/2024\/06\/20240607_1222391687299892249980744-150x84.jpg 150w, https:\/\/macke.spdns.de\/wp-content\/uploads\/2024\/06\/20240607_1222391687299892249980744-768x432.jpg 768w, https:\/\/macke.spdns.de\/wp-content\/uploads\/2024\/06\/20240607_1222391687299892249980744-1536x865.jpg 1536w, https:\/\/macke.spdns.de\/wp-content\/uploads\/2024\/06\/20240607_1222391687299892249980744-816x459.jpg 816w, https:\/\/macke.spdns.de\/wp-content\/uploads\/2024\/06\/20240607_1222391687299892249980744.jpg 2000w\" sizes=\"auto, (max-width: 1024px) 100vw, 1024px\" \/><\/figure>\n\n\n\n<p>Etwas h\u00f6her erwartet mich ein lichter Buchenwald. Das Wetter ist etwas durchwachsen und auf dem schattigen Weg muss ich doch eine Jacke \u00fcberziehen.  Der Panoramaweg h\u00e4lt bis hierher nicht ganz was der Name verspricht. Das wird sich nach den Klippen aber \u00e4ndern.<\/p>\n\n\n\n<p>Bei den Klippen angekommen lese ich zun\u00e4chst, was auf dem Denkstein steht und will dann \u00fcber einen schmalen Pfad zu den Klippen gehen. Leider machen mir da B\u00f6llersch\u00fcsse einen Strich durch die Rechnung. Ich bin froh, dass ich schnell genug den Hund wieder einfangen kann. Der will n\u00e4mlich, wegen des L\u00e4rms, wieder zum Auto zur\u00fcck.<\/p>\n\n\n\n<p>Mit etwas Ziehen geling es mir dennoch den Rundweg weiterzugehen. In Richtung Klippen geht es gar nicht mehr. &#8222;Na ja&#8220;, denke ich, &#8222;ein Grund wiederzukommen&#8220;.<\/p>\n\n\n\n<p>Es geht weiter um die Klippen herum und jetzt bieten sich auch sch\u00f6ne Ausblicke auf Ebersch\u00fctz und das Diemeltal . <\/p>\n\n\n\n<figure class=\"wp-block-image size-large is-resized\"><img loading=\"lazy\" decoding=\"async\" width=\"1024\" height=\"577\" src=\"https:\/\/macke.spdns.de\/wp-content\/uploads\/2024\/06\/20240607_130857329186188316328797-1024x577.jpg\" alt=\"\" class=\"wp-image-5682\" style=\"width:639px;height:auto\" srcset=\"https:\/\/macke.spdns.de\/wp-content\/uploads\/2024\/06\/20240607_130857329186188316328797-1024x577.jpg 1024w, https:\/\/macke.spdns.de\/wp-content\/uploads\/2024\/06\/20240607_130857329186188316328797-300x169.jpg 300w, https:\/\/macke.spdns.de\/wp-content\/uploads\/2024\/06\/20240607_130857329186188316328797-150x84.jpg 150w, https:\/\/macke.spdns.de\/wp-content\/uploads\/2024\/06\/20240607_130857329186188316328797-768x432.jpg 768w, https:\/\/macke.spdns.de\/wp-content\/uploads\/2024\/06\/20240607_130857329186188316328797-1536x865.jpg 1536w, https:\/\/macke.spdns.de\/wp-content\/uploads\/2024\/06\/20240607_130857329186188316328797-816x459.jpg 816w, https:\/\/macke.spdns.de\/wp-content\/uploads\/2024\/06\/20240607_130857329186188316328797.jpg 2000w\" sizes=\"auto, (max-width: 1024px) 100vw, 1024px\" \/><figcaption class=\"wp-element-caption\">Das Diemeltal<\/figcaption><\/figure>\n\n\n\n<figure class=\"wp-block-image size-large\"><img loading=\"lazy\" decoding=\"async\" width=\"1024\" height=\"577\" src=\"https:\/\/macke.spdns.de\/wp-content\/uploads\/2024\/06\/20240607_1301447280706351117108180-1024x577.jpg\" alt=\"\" class=\"wp-image-5689\" srcset=\"https:\/\/macke.spdns.de\/wp-content\/uploads\/2024\/06\/20240607_1301447280706351117108180-1024x577.jpg 1024w, https:\/\/macke.spdns.de\/wp-content\/uploads\/2024\/06\/20240607_1301447280706351117108180-300x169.jpg 300w, https:\/\/macke.spdns.de\/wp-content\/uploads\/2024\/06\/20240607_1301447280706351117108180-150x84.jpg 150w, https:\/\/macke.spdns.de\/wp-content\/uploads\/2024\/06\/20240607_1301447280706351117108180-768x432.jpg 768w, https:\/\/macke.spdns.de\/wp-content\/uploads\/2024\/06\/20240607_1301447280706351117108180-1536x865.jpg 1536w, https:\/\/macke.spdns.de\/wp-content\/uploads\/2024\/06\/20240607_1301447280706351117108180-816x459.jpg 816w, https:\/\/macke.spdns.de\/wp-content\/uploads\/2024\/06\/20240607_1301447280706351117108180.jpg 2000w\" sizes=\"auto, (max-width: 1024px) 100vw, 1024px\" \/><figcaption class=\"wp-element-caption\">Blick auf Ebersch\u00fctz<\/figcaption><\/figure>\n\n\n\n<p>Kurz vor der Bahn treffe ich wieder auf den Weg, den ich f\u00fcr den Anstieg gew\u00e4hlt habe. Kora kann, nach der Aufregung noch ein Bad in der Diemel nehmen und dann geht es zur\u00fcck zu Campingplatz.<\/p>\n\n\n\n<div id=\"tsmap_1\"  style=\"width: 100%; height: 480px; max-width: 100%\"><\/div>\n","protected":false},"excerpt":{"rendered":"<p>Die kleine Wanderung von etwa 5 Kilometern L\u00e4nge und mit ca. 150 H\u00f6henmetern startet an der Diemel im Ort Ebersch\u00fctz. Vom Wanderparkplatz mitten im Ort f\u00fchrt der Weg zun\u00e4chst \u00fcber die Diemel und eine Eisenbahnstrecke. Hinter der Bahnstrecke beginnt der Aufstieg \u00fcber Kalkmagerrasenfl\u00e4chen in Richtung der Klippen. Etwas h\u00f6her erwartet mich ein lichter Buchenwald. Das [&hellip;]<\/p>\n","protected":false},"author":1,"featured_media":5685,"comment_status":"closed","ping_status":"open","sticky":false,"template":"","format":"standard","meta":{"footnotes":""},"categories":[9],"tags":[],"class_list":["post-5692","post","type-post","status-publish","format-standard","has-post-thumbnail","hentry","category-draussen-und-unterwegs"],"_links":{"self":[{"href":"https:\/\/macke.spdns.de\/index.php?rest_route=\/wp\/v2\/posts\/5692","targetHints":{"allow":["GET"]}}],"collection":[{"href":"https:\/\/macke.spdns.de\/index.php?rest_route=\/wp\/v2\/posts"}],"about":[{"href":"https:\/\/macke.spdns.de\/index.php?rest_route=\/wp\/v2\/types\/post"}],"author":[{"embeddable":true,"href":"https:\/\/macke.spdns.de\/index.php?rest_route=\/wp\/v2\/users\/1"}],"replies":[{"embeddable":true,"href":"https:\/\/macke.spdns.de\/index.php?rest_route=%2Fwp%2Fv2%2Fcomments&post=5692"}],"version-history":[{"count":0,"href":"https:\/\/macke.spdns.de\/index.php?rest_route=\/wp\/v2\/posts\/5692\/revisions"}],"wp:featuredmedia":[{"embeddable":true,"href":"https:\/\/macke.spdns.de\/index.php?rest_route=\/wp\/v2\/media\/5685"}],"wp:attachment":[{"href":"https:\/\/macke.spdns.de\/index.php?rest_route=%2Fwp%2Fv2%2Fmedia&parent=5692"}],"wp:term":[{"taxonomy":"category","embeddable":true,"href":"https:\/\/macke.spdns.de\/index.php?rest_route=%2Fwp%2Fv2%2Fcategories&post=5692"},{"taxonomy":"post_tag","embeddable":true,"href":"https:\/\/macke.spdns.de\/index.php?rest_route=%2Fwp%2Fv2%2Ftags&post=5692"}],"curies":[{"name":"wp","href":"https:\/\/api.w.org\/{rel}","templated":true}]}}