{"id":5631,"date":"2024-04-01T12:02:43","date_gmt":"2024-04-01T10:02:43","guid":{"rendered":"https:\/\/macke.spdns.de\/?p=5631"},"modified":"2024-04-20T13:03:00","modified_gmt":"2024-04-20T11:03:00","slug":"pumpernickel-selbst-gemacht","status":"publish","type":"post","link":"https:\/\/macke.spdns.de\/?p=5631","title":{"rendered":"Pumpernickel selbst gemacht"},"content":{"rendered":"\n<p>Das lange Osterwochenende eignet sich gut f\u00fcr meinen ersten Versuch Pumpernickel zu backen.<\/p>\n\n\n\n<p>Weil Dosen zum Backen nur schwer zu bekommen sind, habe ich Weck-Gl\u00e4ser gekauft. Darin soll es auch funktionieren. <\/p>\n\n\n\n<p>Das Rezept habe ich <a href=\"https:\/\/brotbackliebeundmehr.com\/2016\/03\/05\/original-pumpernickel-im-weckglas\/\">hier<\/a> her.<\/p>\n\n\n\n<p>Die Zubereitung ist ein wenig komplizierter als sonst beim Brotbacken. Ich musste den Sauerteig, sowie ein Br\u00fchst\u00fcck und ein Kochst\u00fcck herstellen. Das Br\u00fchst\u00fcck ist in hei\u00dfem Wasser eingeweichtes Roggenschrot und f\u00fcr das Kochst\u00fcck werden Roggenk\u00f6rner eine Stunde gekocht.<\/p>\n\n\n\n<p>Zum Schluss wird alles mit den weiteren Zutaten, Roggenmehl, und -schrot, Sonnenblumenkernen, R\u00fcbenkraut, Salz und Wasser vermengt. Mehl und Schrot habe ich frisch gemahlen.<\/p>\n\n\n\n<figure class=\"wp-block-image size-large\"><img loading=\"lazy\" decoding=\"async\" width=\"1024\" height=\"577\" src=\"https:\/\/macke.spdns.de\/wp-content\/uploads\/2024\/04\/20240401_1001446556016814464328897-1024x577.jpg\" alt=\"\" class=\"wp-image-5629\" srcset=\"https:\/\/macke.spdns.de\/wp-content\/uploads\/2024\/04\/20240401_1001446556016814464328897-1024x577.jpg 1024w, https:\/\/macke.spdns.de\/wp-content\/uploads\/2024\/04\/20240401_1001446556016814464328897-300x169.jpg 300w, https:\/\/macke.spdns.de\/wp-content\/uploads\/2024\/04\/20240401_1001446556016814464328897-150x84.jpg 150w, https:\/\/macke.spdns.de\/wp-content\/uploads\/2024\/04\/20240401_1001446556016814464328897-768x432.jpg 768w, https:\/\/macke.spdns.de\/wp-content\/uploads\/2024\/04\/20240401_1001446556016814464328897-1536x865.jpg 1536w, https:\/\/macke.spdns.de\/wp-content\/uploads\/2024\/04\/20240401_1001446556016814464328897-816x459.jpg 816w, https:\/\/macke.spdns.de\/wp-content\/uploads\/2024\/04\/20240401_1001446556016814464328897.jpg 2000w\" sizes=\"auto, (max-width: 1024px) 100vw, 1024px\" \/><figcaption class=\"wp-element-caption\">Die Zutaten<\/figcaption><\/figure>\n\n\n\n<figure class=\"wp-block-image size-large\"><img loading=\"lazy\" decoding=\"async\" width=\"1024\" height=\"577\" src=\"https:\/\/macke.spdns.de\/wp-content\/uploads\/2024\/04\/20240401_1114505960833407441419394-1024x577.jpg\" alt=\"\" class=\"wp-image-5630\" srcset=\"https:\/\/macke.spdns.de\/wp-content\/uploads\/2024\/04\/20240401_1114505960833407441419394-1024x577.jpg 1024w, https:\/\/macke.spdns.de\/wp-content\/uploads\/2024\/04\/20240401_1114505960833407441419394-300x169.jpg 300w, https:\/\/macke.spdns.de\/wp-content\/uploads\/2024\/04\/20240401_1114505960833407441419394-150x84.jpg 150w, https:\/\/macke.spdns.de\/wp-content\/uploads\/2024\/04\/20240401_1114505960833407441419394-768x432.jpg 768w, https:\/\/macke.spdns.de\/wp-content\/uploads\/2024\/04\/20240401_1114505960833407441419394-1536x865.jpg 1536w, https:\/\/macke.spdns.de\/wp-content\/uploads\/2024\/04\/20240401_1114505960833407441419394-816x459.jpg 816w, https:\/\/macke.spdns.de\/wp-content\/uploads\/2024\/04\/20240401_1114505960833407441419394.jpg 2000w\" sizes=\"auto, (max-width: 1024px) 100vw, 1024px\" \/><figcaption class=\"wp-element-caption\">Die &#8222;Backformen&#8220;<\/figcaption><\/figure>\n\n\n\n<p>Jetzt muss der Teig erstmal zwei Stunden gehen. <\/p>\n\n\n\n<p>Umgef\u00fcllt in die Gl\u00e4ser noch einmal drei Stunden Gehzeit.<\/p>\n\n\n\n<figure class=\"wp-block-image size-large\"><img loading=\"lazy\" decoding=\"async\" width=\"1024\" height=\"577\" src=\"https:\/\/macke.spdns.de\/wp-content\/uploads\/2024\/04\/20240401_1226287734221247780445686-1024x577.jpg\" alt=\"\" class=\"wp-image-5636\" srcset=\"https:\/\/macke.spdns.de\/wp-content\/uploads\/2024\/04\/20240401_1226287734221247780445686-1024x577.jpg 1024w, https:\/\/macke.spdns.de\/wp-content\/uploads\/2024\/04\/20240401_1226287734221247780445686-300x169.jpg 300w, https:\/\/macke.spdns.de\/wp-content\/uploads\/2024\/04\/20240401_1226287734221247780445686-150x84.jpg 150w, https:\/\/macke.spdns.de\/wp-content\/uploads\/2024\/04\/20240401_1226287734221247780445686-768x432.jpg 768w, https:\/\/macke.spdns.de\/wp-content\/uploads\/2024\/04\/20240401_1226287734221247780445686-1536x865.jpg 1536w, https:\/\/macke.spdns.de\/wp-content\/uploads\/2024\/04\/20240401_1226287734221247780445686-816x459.jpg 816w, https:\/\/macke.spdns.de\/wp-content\/uploads\/2024\/04\/20240401_1226287734221247780445686.jpg 2000w\" sizes=\"auto, (max-width: 1024px) 100vw, 1024px\" \/><figcaption class=\"wp-element-caption\">Nochmal aufgehen<\/figcaption><\/figure>\n\n\n\n<p>Sonst f\u00fcrchte ich ja eher&nbsp; dass der Teig nicht genug aufgeht. Diesmal hoffe ich, dass er unter dem Rand bleibt.<\/p>\n\n\n\n<p>Drei Stunden sp\u00e4ter:<\/p>\n\n\n\n<p>Der Teig ist sch\u00f6n aufgegangen und, wenn auch nur knapp, unter dem Rand geblieben. Dann eine Stunde bei 160\u00b0 und es sieht so aus:<\/p>\n\n\n\n<figure class=\"wp-block-image size-large\"><img loading=\"lazy\" decoding=\"async\" width=\"1024\" height=\"577\" src=\"https:\/\/macke.spdns.de\/wp-content\/uploads\/2024\/04\/20240401_1655154283654049781794714-1024x577.jpg\" alt=\"\" class=\"wp-image-5640\" srcset=\"https:\/\/macke.spdns.de\/wp-content\/uploads\/2024\/04\/20240401_1655154283654049781794714-1024x577.jpg 1024w, https:\/\/macke.spdns.de\/wp-content\/uploads\/2024\/04\/20240401_1655154283654049781794714-300x169.jpg 300w, https:\/\/macke.spdns.de\/wp-content\/uploads\/2024\/04\/20240401_1655154283654049781794714-150x84.jpg 150w, https:\/\/macke.spdns.de\/wp-content\/uploads\/2024\/04\/20240401_1655154283654049781794714-768x432.jpg 768w, https:\/\/macke.spdns.de\/wp-content\/uploads\/2024\/04\/20240401_1655154283654049781794714-1536x865.jpg 1536w, https:\/\/macke.spdns.de\/wp-content\/uploads\/2024\/04\/20240401_1655154283654049781794714-816x459.jpg 816w, https:\/\/macke.spdns.de\/wp-content\/uploads\/2024\/04\/20240401_1655154283654049781794714.jpg 2000w\" sizes=\"auto, (max-width: 1024px) 100vw, 1024px\" \/><figcaption class=\"wp-element-caption\">Ein bisschen braun&#8230;<\/figcaption><\/figure>\n\n\n\n<p>Jetzt m\u00fcssen die Brote noch 14 Stunden bei 120\u00b0 weiter backen. Das ist dann morgen fr\u00fch um 6:30 Uhr. <\/p>\n\n\n\n<p>Der n\u00e4chste Morgen: So sehen die Brote nach 14 Sunden aus. Jetzt noch eine Stunde bei 150\u00b0  und dann verschlie\u00dfen. <\/p>\n\n\n\n<figure class=\"wp-block-image size-large is-resized\"><img loading=\"lazy\" decoding=\"async\" width=\"1024\" height=\"577\" src=\"https:\/\/macke.spdns.de\/wp-content\/uploads\/2024\/04\/1000006004-1024x577.jpg\" alt=\"\" class=\"wp-image-5645\" style=\"width:384px;height:auto\" srcset=\"https:\/\/macke.spdns.de\/wp-content\/uploads\/2024\/04\/1000006004-1024x577.jpg 1024w, https:\/\/macke.spdns.de\/wp-content\/uploads\/2024\/04\/1000006004-300x169.jpg 300w, https:\/\/macke.spdns.de\/wp-content\/uploads\/2024\/04\/1000006004-150x84.jpg 150w, https:\/\/macke.spdns.de\/wp-content\/uploads\/2024\/04\/1000006004-768x432.jpg 768w, https:\/\/macke.spdns.de\/wp-content\/uploads\/2024\/04\/1000006004-1536x865.jpg 1536w, https:\/\/macke.spdns.de\/wp-content\/uploads\/2024\/04\/1000006004-2048x1153.jpg 2048w, https:\/\/macke.spdns.de\/wp-content\/uploads\/2024\/04\/1000006004-816x459.jpg 816w\" sizes=\"auto, (max-width: 1024px) 100vw, 1024px\" \/><figcaption class=\"wp-element-caption\">Nach weiteren 14 Stunden<\/figcaption><\/figure>\n\n\n\n<p>Es ist vollbracht. Die Pumpernickel sind gebacken und &#8222;eingedost&#8220;.<\/p>\n\n\n\n<figure class=\"wp-block-image size-large\"><img loading=\"lazy\" decoding=\"async\" width=\"1024\" height=\"577\" src=\"https:\/\/macke.spdns.de\/wp-content\/uploads\/2024\/04\/1000006007-1024x577.jpg\" alt=\"\" class=\"wp-image-5644\" srcset=\"https:\/\/macke.spdns.de\/wp-content\/uploads\/2024\/04\/1000006007-1024x577.jpg 1024w, https:\/\/macke.spdns.de\/wp-content\/uploads\/2024\/04\/1000006007-300x169.jpg 300w, https:\/\/macke.spdns.de\/wp-content\/uploads\/2024\/04\/1000006007-150x84.jpg 150w, https:\/\/macke.spdns.de\/wp-content\/uploads\/2024\/04\/1000006007-768x432.jpg 768w, https:\/\/macke.spdns.de\/wp-content\/uploads\/2024\/04\/1000006007-1536x865.jpg 1536w, https:\/\/macke.spdns.de\/wp-content\/uploads\/2024\/04\/1000006007-2048x1153.jpg 2048w, https:\/\/macke.spdns.de\/wp-content\/uploads\/2024\/04\/1000006007-816x459.jpg 816w\" sizes=\"auto, (max-width: 1024px) 100vw, 1024px\" \/><\/figure>\n\n\n\n<p>Leider hat die Oberfl\u00e4che der Pumpernickel Risse bekommen.  Ich hoffe, dass tut dem Geschmack keinen Abbruch. <\/p>\n\n\n\n<p>Jetzt sollen sie erstmal in Ruhe ausk\u00fchlen und dann wird angeschnitten&#8230;<\/p>\n\n\n","protected":false},"excerpt":{"rendered":"<p>Das lange Osterwochenende eignet sich gut f\u00fcr meinen ersten Versuch Pumpernickel zu backen. Weil Dosen zum Backen nur schwer zu bekommen sind, habe ich Weck-Gl\u00e4ser gekauft. Darin soll es auch funktionieren. Das Rezept habe ich hier her. Die Zubereitung ist ein wenig komplizierter als sonst beim Brotbacken. Ich musste den Sauerteig, sowie ein Br\u00fchst\u00fcck und [&hellip;]<\/p>\n","protected":false},"author":1,"featured_media":5649,"comment_status":"closed","ping_status":"open","sticky":false,"template":"","format":"standard","meta":{"footnotes":""},"categories":[1],"tags":[],"class_list":["post-5631","post","type-post","status-publish","format-standard","has-post-thumbnail","hentry","category-allgemein"],"_links":{"self":[{"href":"https:\/\/macke.spdns.de\/index.php?rest_route=\/wp\/v2\/posts\/5631","targetHints":{"allow":["GET"]}}],"collection":[{"href":"https:\/\/macke.spdns.de\/index.php?rest_route=\/wp\/v2\/posts"}],"about":[{"href":"https:\/\/macke.spdns.de\/index.php?rest_route=\/wp\/v2\/types\/post"}],"author":[{"embeddable":true,"href":"https:\/\/macke.spdns.de\/index.php?rest_route=\/wp\/v2\/users\/1"}],"replies":[{"embeddable":true,"href":"https:\/\/macke.spdns.de\/index.php?rest_route=%2Fwp%2Fv2%2Fcomments&post=5631"}],"version-history":[{"count":0,"href":"https:\/\/macke.spdns.de\/index.php?rest_route=\/wp\/v2\/posts\/5631\/revisions"}],"wp:featuredmedia":[{"embeddable":true,"href":"https:\/\/macke.spdns.de\/index.php?rest_route=\/wp\/v2\/media\/5649"}],"wp:attachment":[{"href":"https:\/\/macke.spdns.de\/index.php?rest_route=%2Fwp%2Fv2%2Fmedia&parent=5631"}],"wp:term":[{"taxonomy":"category","embeddable":true,"href":"https:\/\/macke.spdns.de\/index.php?rest_route=%2Fwp%2Fv2%2Fcategories&post=5631"},{"taxonomy":"post_tag","embeddable":true,"href":"https:\/\/macke.spdns.de\/index.php?rest_route=%2Fwp%2Fv2%2Ftags&post=5631"}],"curies":[{"name":"wp","href":"https:\/\/api.w.org\/{rel}","templated":true}]}}