{"id":5616,"date":"2024-03-30T15:14:34","date_gmt":"2024-03-30T14:14:34","guid":{"rendered":"https:\/\/macke.spdns.de\/?p=5616"},"modified":"2024-09-03T18:24:21","modified_gmt":"2024-09-03T16:24:21","slug":"e1-wanderung-2024","status":"publish","type":"post","link":"https:\/\/macke.spdns.de\/?p=5616","title":{"rendered":"E1 \u2013 Vorbereitungen 2024"},"content":{"rendered":"\n<p>Eben habe ich eine Buchungsbest\u00e4tigung f\u00fcr unsere Ferienwohnung in Neusatz erhalten. Voraussichtlich sind wir in diesem Jahr zu f\u00fcnft. Es wollen zwar alle in einem Haus \u00fcbernachten, aber alle in eigenen Zimmern schlafen. Gar nicht so einfach. <\/p>\n\n\n\n<p>Ich habe jetzt <a href=\"https:\/\/www.fewo-direkt.de\/ferienwohnung-ferienhaus\/p5007820?dateless=true&amp;EMLCID=VRBO-DE.TRC.ACTV.941f6bb3e1e91d13a860f30d119be4b8.EML&amp;EMLDTL=DATE20240330-LANGDE_DE.TESTX.VERSX.CAT03G300&amp;cta=propertybookingdetails.general.link\">diese <\/a>Ferienwohnung vom 28. August bis zum 1. September gebucht. \u00dcber den Zeitraum gab es diesmal etwas Irritationen. Aber wir hatten 2003 festgelegt, dass wir an dem Wochenende (Samstag und Sonntag) wandern, das als erstes einen Tag im September beinhaltet. Dieses Jahr ist der erste September ein Sonntag, unsere Wanderung liegt also in der fr\u00fchestm\u00f6glichen Lage vom 28.8 bis zum 1.9. Die sp\u00e4testm\u00f6gliche Lage w\u00fcrde sich einstellen, wenn der 1.9. ein Montag w\u00e4re, dann wanderten wir vom 3.9. bis zum 7.9.<\/p>\n\n\n\n<p>Ich hatte f\u00fcr diesen Zweck auch schon mal eine Exceltabelle erstellt. Oben links das Jahr eintragen und die Wandertage werden farbig hinterlegt \ud83d\ude09<\/p>\n\n\n\n<div class=\"wp-block-file\"><a id=\"wp-block-file--media-1f587467-587b-4cbd-a1fe-a43dd23a4e28\" href=\"https:\/\/macke.spdns.de\/wp-content\/uploads\/2024\/03\/Ewiger-Wanderkalender.xlsx\">Ewiger Wanderkalender<\/a><a href=\"https:\/\/macke.spdns.de\/wp-content\/uploads\/2024\/03\/Ewiger-Wanderkalender.xlsx\" class=\"wp-block-file__button wp-element-button\" download aria-describedby=\"wp-block-file--media-1f587467-587b-4cbd-a1fe-a43dd23a4e28\">Herunterladen<\/a><\/div>\n\n\n\n<p>Zur Angebotsseite der Ferienwohnung bei Fewo-direkt geht es <a href=\"https:\/\/www.fewo-direkt.de\/ferienwohnung-ferienhaus\/p5007820?dateless=true&amp;EMLCID=VRBO-DE.TRC.ACTV.941f6bb3e1e91d13a860f30d119be4b8.EML&amp;EMLDTL=DATE20240330-LANGDE_DE.TESTX.VERSX.CAT03G300&amp;cta=propertybookingdetails.general.link\">hier<\/a>.<\/p>\n\n\n\n<p>Im vergangenen Jahr hatten wir die Wanderung beim Naturfreundehaus bei Herrenwies beendet. Dort werden wir in diesem Jahr, etwa auf der H\u00e4lfte der Etappe 10.03, wieder starten.  Der Weg beginnt an der Bushaltestelle in Herrenwies (750 m \u00fc. NHN) und f\u00fchrt dann zun\u00e4chst bergan zum E1, der hier parallel mit dem Westweg verl\u00e4uft, zum Naturfreundehaus Herrenwies (880 m \u00fc. NHN). <br>Unten sind die Etappen:<br><br>10.03 Forbach &#8211; Mummelsee (gr\u00fcn)<br>10.04 Mummelsee &#8211; Alexanderschanze (schwarz)<br>10.05 Alexanderschanze &#8211; Hark  (rot)<br>10.06 Hark &#8211; Hausach (blau)<br><br>in der Karte dargestellt. <\/p>\n\n\n\n<p>Sollten wir in diesem Jahr tats\u00e4chlich alle dreieinhalb Etappen schaffen, was ich nicht annehme, liegen bis Konstanz noch zehn Etappen vor uns. Bei etwa drei Etappen pro Jahr w\u00fcrde unser Projekt dann 2027 nach 26 Jahren enden.<\/p>\n\n\n\n<div id=\"tsmap_1\"  style=\"width: 100%; height: 480px; max-width: 100%\"><\/div>\n","protected":false},"excerpt":{"rendered":"<p>Eben habe ich eine Buchungsbest\u00e4tigung f\u00fcr unsere Ferienwohnung in Neusatz erhalten. Voraussichtlich sind wir in diesem Jahr zu f\u00fcnft. Es wollen zwar alle in einem Haus \u00fcbernachten, aber alle in eigenen Zimmern schlafen. Gar nicht so einfach. Ich habe jetzt diese Ferienwohnung vom 28. August bis zum 1. September gebucht. \u00dcber den Zeitraum gab es [&hellip;]<\/p>\n","protected":false},"author":1,"featured_media":5624,"comment_status":"closed","ping_status":"open","sticky":false,"template":"","format":"standard","meta":{"footnotes":""},"categories":[9,19],"tags":[],"class_list":["post-5616","post","type-post","status-publish","format-standard","has-post-thumbnail","hentry","category-draussen-und-unterwegs","category-e1"],"_links":{"self":[{"href":"https:\/\/macke.spdns.de\/index.php?rest_route=\/wp\/v2\/posts\/5616","targetHints":{"allow":["GET"]}}],"collection":[{"href":"https:\/\/macke.spdns.de\/index.php?rest_route=\/wp\/v2\/posts"}],"about":[{"href":"https:\/\/macke.spdns.de\/index.php?rest_route=\/wp\/v2\/types\/post"}],"author":[{"embeddable":true,"href":"https:\/\/macke.spdns.de\/index.php?rest_route=\/wp\/v2\/users\/1"}],"replies":[{"embeddable":true,"href":"https:\/\/macke.spdns.de\/index.php?rest_route=%2Fwp%2Fv2%2Fcomments&post=5616"}],"version-history":[{"count":0,"href":"https:\/\/macke.spdns.de\/index.php?rest_route=\/wp\/v2\/posts\/5616\/revisions"}],"wp:featuredmedia":[{"embeddable":true,"href":"https:\/\/macke.spdns.de\/index.php?rest_route=\/wp\/v2\/media\/5624"}],"wp:attachment":[{"href":"https:\/\/macke.spdns.de\/index.php?rest_route=%2Fwp%2Fv2%2Fmedia&parent=5616"}],"wp:term":[{"taxonomy":"category","embeddable":true,"href":"https:\/\/macke.spdns.de\/index.php?rest_route=%2Fwp%2Fv2%2Fcategories&post=5616"},{"taxonomy":"post_tag","embeddable":true,"href":"https:\/\/macke.spdns.de\/index.php?rest_route=%2Fwp%2Fv2%2Ftags&post=5616"}],"curies":[{"name":"wp","href":"https:\/\/api.w.org\/{rel}","templated":true}]}}