{"id":5348,"date":"2023-09-02T19:52:05","date_gmt":"2023-09-02T17:52:05","guid":{"rendered":"https:\/\/macke.spdns.de\/?p=5348"},"modified":"2024-09-03T18:26:17","modified_gmt":"2024-09-03T16:26:17","slug":"e1-dritter-tag","status":"publish","type":"post","link":"https:\/\/macke.spdns.de\/?p=5348","title":{"rendered":"E1 2023 &#8211; Tag 3"},"content":{"rendered":"\n<p>Die heutige Strecke soll uns von Forbach bis zum Mummelsee f\u00fchren. Im Westweg Wanderf\u00fchrer endet sie allerdings schon in Unterstmatt. Im Laufe des Tages werden wir erfahren warum. Wir fahren mit dem Auto nach Forbach um zeitig mit dem Wandern beginnen zu k\u00f6nnen. Am Bahnhof, wo wir gestern aufgeh\u00f6rt haben, starten wir. Zun\u00e4chst geht es durch das sch\u00f6ne \u00d6rtchen, wo wir wir auf einer \u00fcberdachten Holzbr\u00fccke die Murg \u00fcberqueren.<\/p>\n\n\n\n<figure class=\"wp-block-image size-large\"><img loading=\"lazy\" decoding=\"async\" width=\"1024\" height=\"485\" src=\"https:\/\/macke.spdns.de\/wp-content\/uploads\/2023\/09\/20230902_0937163899439350946749113-1024x485.jpg\" alt=\"\" class=\"wp-image-5347\" srcset=\"https:\/\/macke.spdns.de\/wp-content\/uploads\/2023\/09\/20230902_0937163899439350946749113-1024x485.jpg 1024w, https:\/\/macke.spdns.de\/wp-content\/uploads\/2023\/09\/20230902_0937163899439350946749113-300x142.jpg 300w, https:\/\/macke.spdns.de\/wp-content\/uploads\/2023\/09\/20230902_0937163899439350946749113-150x71.jpg 150w, https:\/\/macke.spdns.de\/wp-content\/uploads\/2023\/09\/20230902_0937163899439350946749113-768x364.jpg 768w, https:\/\/macke.spdns.de\/wp-content\/uploads\/2023\/09\/20230902_0937163899439350946749113-1536x728.jpg 1536w, https:\/\/macke.spdns.de\/wp-content\/uploads\/2023\/09\/20230902_0937163899439350946749113-2048x971.jpg 2048w, https:\/\/macke.spdns.de\/wp-content\/uploads\/2023\/09\/20230902_0937163899439350946749113-816x387.jpg 816w\" sizes=\"auto, (max-width: 1024px) 100vw, 1024px\" \/><figcaption class=\"wp-element-caption\">Holzbr\u00fccke \u00fcber die Murg<\/figcaption><\/figure>\n\n\n\n<p>Auf der anderen Seite beginnt allm\u00e4hlich die Steigung, die nach dem Ort immer steiler wird. Der Zustand des Wegs wird immer schlechter. Schlie\u00dflich haben wir das Gef\u00fchl durch ein altes Bachbett zu gehen. Laut Kartenprogramm hat der Weg teilweise Steigungen von 28%.<\/p>\n\n\n\n<p>Nach etwa einer 3\/4 Stunde erreichen wir eine Bank. Pause! Wir denken wir haben den ersten Anstieg geschafft. Weit gefehlt! Es geht noch ein ganzes St\u00fcck \u00fcber Stock und Stein so weiter.<\/p>\n\n\n\n<figure class=\"wp-block-image size-large\"><img loading=\"lazy\" decoding=\"async\" width=\"1024\" height=\"485\" src=\"https:\/\/macke.spdns.de\/wp-content\/uploads\/2023\/09\/20230902_125437367382392425780273-1024x485.jpg\" alt=\"\" class=\"wp-image-5350\" srcset=\"https:\/\/macke.spdns.de\/wp-content\/uploads\/2023\/09\/20230902_125437367382392425780273-1024x485.jpg 1024w, https:\/\/macke.spdns.de\/wp-content\/uploads\/2023\/09\/20230902_125437367382392425780273-300x142.jpg 300w, https:\/\/macke.spdns.de\/wp-content\/uploads\/2023\/09\/20230902_125437367382392425780273-150x71.jpg 150w, https:\/\/macke.spdns.de\/wp-content\/uploads\/2023\/09\/20230902_125437367382392425780273-768x364.jpg 768w, https:\/\/macke.spdns.de\/wp-content\/uploads\/2023\/09\/20230902_125437367382392425780273-1536x728.jpg 1536w, https:\/\/macke.spdns.de\/wp-content\/uploads\/2023\/09\/20230902_125437367382392425780273-2048x971.jpg 2048w, https:\/\/macke.spdns.de\/wp-content\/uploads\/2023\/09\/20230902_125437367382392425780273-816x387.jpg 816w\" sizes=\"auto, (max-width: 1024px) 100vw, 1024px\" \/><figcaption class=\"wp-element-caption\">Kurze Pause beim Anstieg zur Wegscheidh\u00fctte<\/figcaption><\/figure>\n\n\n\n<p>Als wir die Wegscheith\u00fctte erreichen, wird es besser mit Weg und Steigung.<\/p>\n\n\n\n<figure class=\"wp-block-image size-large is-resized\"><img loading=\"lazy\" decoding=\"async\" src=\"https:\/\/macke.spdns.de\/wp-content\/uploads\/2023\/09\/20230902_1111056243444249754311684-461x1024.jpg\" alt=\"\" class=\"wp-image-5351\" style=\"width:338px;height:562px\" width=\"338\" height=\"562\"\/><figcaption class=\"wp-element-caption\">Pause an der Wegscheidh\u00fctte. Die Hosenbeine m\u00fcssen ab.<\/figcaption><\/figure>\n\n\n\n<p>Von dort aus geht es auf guten Wegen etwas bergan und bergab. Ein gutes St\u00fcck gehen wir an der Schwarzenbachtalsperre entlang, auf die wir sp\u00e4ter von der Zweiseenaussicht wieder herabsehen k\u00f6nnen. Nach etwa zwei oder drei Kilometern zweigt der Weg wieder nach links vom Wirtschaftsweg ab.<\/p>\n\n\n\n<p>Hier wird es wieder steil und wir m\u00fcssen \u00fcber gro\u00dfe Steine und Ger\u00f6ll aufsteigen.<\/p>\n\n\n\n<figure class=\"wp-block-image size-large is-resized\"><img loading=\"lazy\" decoding=\"async\" src=\"https:\/\/macke.spdns.de\/wp-content\/uploads\/2023\/09\/2023-09-02-12-25-48-461x1024.jpg\" alt=\"\" class=\"wp-image-5400\" style=\"width:280px;height:465px\" width=\"280\" height=\"465\"\/><figcaption class=\"wp-element-caption\">Aufstieg zum Zweiseenblick<\/figcaption><\/figure>\n\n\n\n<p>Beim Zweiseenblick machen wir eine kurze Pause, bevor wir den steilen Weg fortsetzen. Etwas sp\u00e4ter erreichen wir beim Seekopf zum ersten Mal die 1000 H\u00f6henmeter ohne Turmbesteigung. <\/p>\n\n\n\n<figure class=\"wp-block-image size-large is-resized\"><img loading=\"lazy\" decoding=\"async\" src=\"https:\/\/macke.spdns.de\/wp-content\/uploads\/2023\/09\/2023-09-02-12-35-36-461x1024.jpg\" alt=\"\" class=\"wp-image-5402\" style=\"width:278px;height:618px\" width=\"278\" height=\"618\" srcset=\"https:\/\/macke.spdns.de\/wp-content\/uploads\/2023\/09\/2023-09-02-12-35-36-461x1024.jpg 461w, https:\/\/macke.spdns.de\/wp-content\/uploads\/2023\/09\/2023-09-02-12-35-36-135x300.jpg 135w, https:\/\/macke.spdns.de\/wp-content\/uploads\/2023\/09\/2023-09-02-12-35-36-68x150.jpg 68w, https:\/\/macke.spdns.de\/wp-content\/uploads\/2023\/09\/2023-09-02-12-35-36-768x1707.jpg 768w, https:\/\/macke.spdns.de\/wp-content\/uploads\/2023\/09\/2023-09-02-12-35-36-691x1536.jpg 691w, https:\/\/macke.spdns.de\/wp-content\/uploads\/2023\/09\/2023-09-02-12-35-36-922x2048.jpg 922w, https:\/\/macke.spdns.de\/wp-content\/uploads\/2023\/09\/2023-09-02-12-35-36-816x1813.jpg 816w, https:\/\/macke.spdns.de\/wp-content\/uploads\/2023\/09\/2023-09-02-12-35-36-scaled.jpg 1152w\" sizes=\"auto, (max-width: 278px) 100vw, 278px\" \/><figcaption class=\"wp-element-caption\">Zwischen Zweiseenblick und Seekopf<\/figcaption><\/figure>\n\n\n\n<p>Endlich oben angekommen machen wir eine kurze Trinkpause Danach laufen wir \u00fcber eine Hochebene vom Seekopf zur Badener H\u00f6he und dann leicht bergab zum Herrenwieser Sattel. Kurze Zeit sp\u00e4ter erreichen wir das Naturfreundehaus Badener H\u00f6he, wo wir einkehren und etwas Warmes essen. <\/p>\n\n\n\n<p>Nach dem Essen und zwei gro\u00dfen Radler beschlie\u00dfen wir,  dass es f\u00fcr dieses Jahr nach insgesamt 81,5 Kilometern reicht.<\/p>\n\n\n\n<figure class=\"wp-block-image size-large\"><img loading=\"lazy\" decoding=\"async\" width=\"1024\" height=\"485\" src=\"https:\/\/macke.spdns.de\/wp-content\/uploads\/2023\/09\/wp-16938405273223481736330981686101-1024x485.jpg\" alt=\"\" class=\"wp-image-5377\" srcset=\"https:\/\/macke.spdns.de\/wp-content\/uploads\/2023\/09\/wp-16938405273223481736330981686101-1024x485.jpg 1024w, https:\/\/macke.spdns.de\/wp-content\/uploads\/2023\/09\/wp-16938405273223481736330981686101-300x142.jpg 300w, https:\/\/macke.spdns.de\/wp-content\/uploads\/2023\/09\/wp-16938405273223481736330981686101-150x71.jpg 150w, https:\/\/macke.spdns.de\/wp-content\/uploads\/2023\/09\/wp-16938405273223481736330981686101-768x364.jpg 768w, https:\/\/macke.spdns.de\/wp-content\/uploads\/2023\/09\/wp-16938405273223481736330981686101-1536x728.jpg 1536w, https:\/\/macke.spdns.de\/wp-content\/uploads\/2023\/09\/wp-16938405273223481736330981686101-2048x971.jpg 2048w, https:\/\/macke.spdns.de\/wp-content\/uploads\/2023\/09\/wp-16938405273223481736330981686101-816x387.jpg 816w\" sizes=\"auto, (max-width: 1024px) 100vw, 1024px\" \/><figcaption class=\"wp-element-caption\">Zwischen Naturfreundehaus und Herrenwieser Sattel<\/figcaption><\/figure>\n\n\n\n<p>Wir vergraben das Rohr (48\u00b0 40&#8242; N 8\u00b0 15&#8242; O), gehen zum Herrenwieser Sattel zur\u00fcck und steigen nach Herrenwies ab. Dort haben wir wieder Gl\u00fcck mit den \u00d6ffis und erwischen nach 20 Minuten Wartezeit den letzten Bus nach Forbach zum Auto.<\/p>\n\n\n\n<figure class=\"wp-block-image size-large is-resized\"><img loading=\"lazy\" decoding=\"async\" src=\"https:\/\/macke.spdns.de\/wp-content\/uploads\/2023\/09\/img-20230902-wa00033688487529545008094-300x225.jpg\" alt=\"\" class=\"wp-image-5352\" style=\"width:349px;height:262px\" width=\"349\" height=\"262\" srcset=\"https:\/\/macke.spdns.de\/wp-content\/uploads\/2023\/09\/img-20230902-wa00033688487529545008094-300x225.jpg 300w, https:\/\/macke.spdns.de\/wp-content\/uploads\/2023\/09\/img-20230902-wa00033688487529545008094-150x113.jpg 150w, https:\/\/macke.spdns.de\/wp-content\/uploads\/2023\/09\/img-20230902-wa00033688487529545008094-768x576.jpg 768w, https:\/\/macke.spdns.de\/wp-content\/uploads\/2023\/09\/img-20230902-wa00033688487529545008094-816x612.jpg 816w, https:\/\/macke.spdns.de\/wp-content\/uploads\/2023\/09\/img-20230902-wa00033688487529545008094.jpg 1024w\" sizes=\"auto, (max-width: 349px) 100vw, 349px\" \/><figcaption class=\"wp-element-caption\">Warten an der Bushaltestelle<\/figcaption><\/figure>\n\n\n\n<p>Insgesamt war es in diesem Jahr ein sehr sch\u00f6ner, wenn auch sehr anstrengender Wegabschnitt. Die Unterkunft war auch ok. Ich freue mich auf das n\u00e4chste Jahr mit Euch!<\/p>\n\n\n\n<div id=\"tsmap_1\"  style=\"width: 100%; height: 480px; max-width: 100%\"><\/div>\n\n\n\n<p>Oder die Gesamtstrecke:<\/p>\n\n\n\n<div id=\"tsmap_2\"  style=\"width: 100%; height: 480px; max-width: 100%\"><\/div>\n","protected":false},"excerpt":{"rendered":"<p>Die heutige Strecke soll uns von Forbach bis zum Mummelsee f\u00fchren. Im Westweg Wanderf\u00fchrer endet sie allerdings schon in Unterstmatt. Im Laufe des Tages werden wir erfahren warum. Wir fahren mit dem Auto nach Forbach um zeitig mit dem Wandern beginnen zu k\u00f6nnen. Am Bahnhof, wo wir gestern aufgeh\u00f6rt haben, starten wir. Zun\u00e4chst geht es [&hellip;]<\/p>\n","protected":false},"author":1,"featured_media":5357,"comment_status":"closed","ping_status":"open","sticky":false,"template":"","format":"standard","meta":{"footnotes":""},"categories":[19],"tags":[],"class_list":["post-5348","post","type-post","status-publish","format-standard","has-post-thumbnail","hentry","category-e1"],"_links":{"self":[{"href":"https:\/\/macke.spdns.de\/index.php?rest_route=\/wp\/v2\/posts\/5348","targetHints":{"allow":["GET"]}}],"collection":[{"href":"https:\/\/macke.spdns.de\/index.php?rest_route=\/wp\/v2\/posts"}],"about":[{"href":"https:\/\/macke.spdns.de\/index.php?rest_route=\/wp\/v2\/types\/post"}],"author":[{"embeddable":true,"href":"https:\/\/macke.spdns.de\/index.php?rest_route=\/wp\/v2\/users\/1"}],"replies":[{"embeddable":true,"href":"https:\/\/macke.spdns.de\/index.php?rest_route=%2Fwp%2Fv2%2Fcomments&post=5348"}],"version-history":[{"count":0,"href":"https:\/\/macke.spdns.de\/index.php?rest_route=\/wp\/v2\/posts\/5348\/revisions"}],"wp:featuredmedia":[{"embeddable":true,"href":"https:\/\/macke.spdns.de\/index.php?rest_route=\/wp\/v2\/media\/5357"}],"wp:attachment":[{"href":"https:\/\/macke.spdns.de\/index.php?rest_route=%2Fwp%2Fv2%2Fmedia&parent=5348"}],"wp:term":[{"taxonomy":"category","embeddable":true,"href":"https:\/\/macke.spdns.de\/index.php?rest_route=%2Fwp%2Fv2%2Fcategories&post=5348"},{"taxonomy":"post_tag","embeddable":true,"href":"https:\/\/macke.spdns.de\/index.php?rest_route=%2Fwp%2Fv2%2Ftags&post=5348"}],"curies":[{"name":"wp","href":"https:\/\/api.w.org\/{rel}","templated":true}]}}