{"id":4866,"date":"2022-10-27T21:41:25","date_gmt":"2022-10-27T19:41:25","guid":{"rendered":"https:\/\/macke.spdns.de\/?p=4866"},"modified":"2022-12-28T14:45:11","modified_gmt":"2022-12-28T13:45:11","slug":"ahlewiesen-ahlequelle-und-bredenstein","status":"publish","type":"post","link":"https:\/\/macke.spdns.de\/?p=4866","title":{"rendered":"Ahlewiesen, Ahlequelle und Bredenstein"},"content":{"rendered":"\r\n<p>Das Wetter ist sch\u00f6n, der Hund muss mal raus und ich k\u00f6nnte mal wieder ein 3D-Modell erstellen. Carmela hat auch schon angefragt, ob wir nicht eine Runde drehen wollen. Deshalb machen wir uns auf nach Neuhaus. An der <a href=\"https:\/\/macke.spdns.de\/?p=2724\" data-type=\"post\" data-id=\"2724\">Ahlequelle <\/a>bin ich ja schon mal gewesen und ich habe den Quelltopf als sehr sehenswert in Erinnerung.<\/p>\r\n\r\n\r\n\r\n<p>Wir wollen zun\u00e4chst zum Bredenstein, ein paar Fotos machen, dann durch die Ahlewiesen zur Quelle gehen. An der Ahlequelle vorbei, die Neuhaus mit Trinkwasser versorgt, wollen wir dann zur\u00fcck zum Auto laufen.<\/p>\r\n\r\n\r\n\r\n<p>Ich parke an der Abzweigung der Stra\u00dfe, die nach Bad Karlshafen f\u00fchrt. Von dort aus laufen wir ein St\u00fcckchen zum Bredenstein, der nicht so ganz auf dem Weg liegt. Dort angekommen fertige ich etwa 170 Fotos an.<\/p>\r\n\r\n\r\n\r\n<p>Dann folgt aber der Rundweg.<\/p>\r\n\r\n\r\n\r\n<p>Zun\u00e4chst geht es auf der asphaltierten Stra\u00dfe Richtung Derental. Obwohl die Stra\u00dfe gesperrt ist, fahren ziemlich viele Autos und auch ziemlich schnell. Da nehme ich Kora lieber an die Leine.<\/p>\r\n\r\n\r\n\r\n<p>&nbsp;<\/p>\r\n\r\n\r\n\r\n<figure class=\"wp-block-image size-large\"><img loading=\"lazy\" decoding=\"async\" width=\"768\" height=\"1024\" class=\"wp-image-4861\" src=\"https:\/\/macke.spdns.de\/wp-content\/uploads\/2022\/11\/image-20221027-181527-1-768x1024.jpeg\" alt=\"\" srcset=\"https:\/\/macke.spdns.de\/wp-content\/uploads\/2022\/11\/image-20221027-181527-1-768x1024.jpeg 768w, https:\/\/macke.spdns.de\/wp-content\/uploads\/2022\/11\/image-20221027-181527-1-225x300.jpeg 225w, https:\/\/macke.spdns.de\/wp-content\/uploads\/2022\/11\/image-20221027-181527-1-113x150.jpeg 113w, https:\/\/macke.spdns.de\/wp-content\/uploads\/2022\/11\/image-20221027-181527-1-1152x1536.jpeg 1152w, https:\/\/macke.spdns.de\/wp-content\/uploads\/2022\/11\/image-20221027-181527-1-816x1088.jpeg 816w, https:\/\/macke.spdns.de\/wp-content\/uploads\/2022\/11\/image-20221027-181527-1.jpeg 1200w\" sizes=\"auto, (max-width: 768px) 100vw, 768px\" \/>\r\n<figcaption class=\"wp-element-caption\">Kora auf dem Weg nach Derental<\/figcaption>\r\n<\/figure>\r\n\r\n\r\n\r\n<p>Nach etwa 1,5 Kilometern biegen wir nach rechts ein und erreichen nach einiger Zeit den Wanderweg von Uslar nach Bad Pyrmont. Diesem folgen wir eine Weile durch den Wald.<\/p>\r\n\r\n\r\n\r\n<p>&nbsp;<\/p>\r\n\r\n\r\n\r\n<figure class=\"wp-block-image size-large\"><img loading=\"lazy\" decoding=\"async\" width=\"768\" height=\"1024\" class=\"wp-image-4865\" src=\"https:\/\/macke.spdns.de\/wp-content\/uploads\/2022\/11\/image-20221027-181527-768x1024.jpeg\" alt=\"\" srcset=\"https:\/\/macke.spdns.de\/wp-content\/uploads\/2022\/11\/image-20221027-181527-768x1024.jpeg 768w, https:\/\/macke.spdns.de\/wp-content\/uploads\/2022\/11\/image-20221027-181527-225x300.jpeg 225w, https:\/\/macke.spdns.de\/wp-content\/uploads\/2022\/11\/image-20221027-181527-113x150.jpeg 113w, https:\/\/macke.spdns.de\/wp-content\/uploads\/2022\/11\/image-20221027-181527-1152x1536.jpeg 1152w, https:\/\/macke.spdns.de\/wp-content\/uploads\/2022\/11\/image-20221027-181527-816x1088.jpeg 816w, https:\/\/macke.spdns.de\/wp-content\/uploads\/2022\/11\/image-20221027-181527.jpeg 1200w\" sizes=\"auto, (max-width: 768px) 100vw, 768px\" \/><\/figure>\r\n\r\n\r\n\r\n<p>Die Sonne scheint und der Hund kann, weitab von Stra\u00dfen, frei laufen. Ich freue mich schon auf den sch\u00f6n aussehenden Quelltopf, den ich ja noch von meinem letzten Besuch in Erinnerung habe.<\/p>\r\n\r\n\r\n\r\n<p>Als wir jedoch die Quelle erreichen, bin ich ziemlich entt\u00e4uscht. Es ist alles trocken. Kein Tropfen Wasser flie\u00dft von der Quelle in die Ahle.<\/p>\r\n\r\n\r\n\r\n<p>Ok, es ist das Ende eines trockenen Sommers und bisher hat der Herbst auch kaum Regen gebracht. Klima? Wetter?<\/p>\r\n\r\n\r\n\r\n<p>&nbsp;<\/p>\r\n\r\n\r\n\r\n<figure class=\"wp-block-image size-large\"><img loading=\"lazy\" decoding=\"async\" width=\"1024\" height=\"576\" class=\"wp-image-4860\" src=\"https:\/\/macke.spdns.de\/wp-content\/uploads\/2022\/11\/20221027_173142-1024x576.jpg\" alt=\"\" srcset=\"https:\/\/macke.spdns.de\/wp-content\/uploads\/2022\/11\/20221027_173142-1024x576.jpg 1024w, https:\/\/macke.spdns.de\/wp-content\/uploads\/2022\/11\/20221027_173142-300x169.jpg 300w, https:\/\/macke.spdns.de\/wp-content\/uploads\/2022\/11\/20221027_173142-150x84.jpg 150w, https:\/\/macke.spdns.de\/wp-content\/uploads\/2022\/11\/20221027_173142-768x432.jpg 768w, https:\/\/macke.spdns.de\/wp-content\/uploads\/2022\/11\/20221027_173142-1536x864.jpg 1536w, https:\/\/macke.spdns.de\/wp-content\/uploads\/2022\/11\/20221027_173142-2048x1152.jpg 2048w, https:\/\/macke.spdns.de\/wp-content\/uploads\/2022\/11\/20221027_173142-816x459.jpg 816w\" sizes=\"auto, (max-width: 1024px) 100vw, 1024px\" \/>\r\n<figcaption class=\"wp-element-caption\">So sieht die Quelle momentan aus.<\/figcaption>\r\n<\/figure>\r\n\r\n\r\n\r\n<p>Hier noch einmal derselbe Blick bei meinem letzten Besuch im Mai 2020.<\/p>\r\n\r\n\r\n\r\n<figure class=\"wp-block-image size-large\"><img loading=\"lazy\" decoding=\"async\" width=\"1024\" height=\"498\" class=\"wp-image-2726\" src=\"https:\/\/macke.spdns.de\/wp-content\/uploads\/2020\/05\/2020-05-10-09-50-16-1024x498.jpg\" alt=\"\" srcset=\"https:\/\/macke.spdns.de\/wp-content\/uploads\/2020\/05\/2020-05-10-09-50-16-1024x498.jpg 1024w, https:\/\/macke.spdns.de\/wp-content\/uploads\/2020\/05\/2020-05-10-09-50-16-300x146.jpg 300w, https:\/\/macke.spdns.de\/wp-content\/uploads\/2020\/05\/2020-05-10-09-50-16-150x73.jpg 150w, https:\/\/macke.spdns.de\/wp-content\/uploads\/2020\/05\/2020-05-10-09-50-16-768x373.jpg 768w, https:\/\/macke.spdns.de\/wp-content\/uploads\/2020\/05\/2020-05-10-09-50-16-1536x747.jpg 1536w, https:\/\/macke.spdns.de\/wp-content\/uploads\/2020\/05\/2020-05-10-09-50-16-2048x996.jpg 2048w, https:\/\/macke.spdns.de\/wp-content\/uploads\/2020\/05\/2020-05-10-09-50-16-816x397.jpg 816w\" sizes=\"auto, (max-width: 1024px) 100vw, 1024px\" \/>\r\n<figcaption class=\"wp-element-caption\">Quelltopf der Ahlequelle<\/figcaption>\r\n<\/figure>\r\n\r\n\r\n\r\n<p>Dann muss ich wohl nochmal im Mai gucken gehen. Kora wird es freuen.<\/p>\r\n\r\n\r\n\r\n<p>F\u00fcr diejenigen, die sich die Modelle mal im 3D-Viewer von Windows ansehen m\u00f6chten. Der Apfel hat bestimmt etwas \u00c4hnliches:<\/p>\r\n\r\n\r\n\r\n<p><a href=\"https:\/\/macke.spdns.de\/wp-content\/uploads\/2022\/11\/Bredenstein2.glb\">Gro\u00dfes Modell, 200 MB<\/a><\/p>\r\n\r\n\r\n\r\n<p><a href=\"https:\/\/macke.spdns.de\/wp-content\/uploads\/2022\/11\/Bredenstein2a.glb\">Mittleres Modell, 97 MB<\/a><\/p>\r\n\r\n\r\n\r\n<p><a href=\"https:\/\/macke.spdns.de\/wp-content\/uploads\/2022\/11\/Bredenstein2-nur-Stein.glb\">Bredenstein ohne Umgebung, 17 MB<\/a><\/p>\r\n\r\n\r\n\r\n<p>&nbsp;<\/p>\r\n\r\n\r\n\r\n<p>Hier noch das 3D-Modell und der Track, etwas &#8222;volumin\u00f6sere&#8220; Modelle, allerdings mit langen Ladezeiten, gibt es auf dieser <a href=\"https:\/\/macke.spdns.de\/?page_id=4891\" data-type=\"page\" data-id=\"4891\">Seite<\/a>:<\/p>\r\n\r\n\r\n\r\n\r\n        <div class=\"modelViewerBlock\" data-attributes='{&quot;align&quot;:&quot;center&quot;,&quot;uniqueId&quot;:&quot;model4887&quot;,&quot;multiple&quot;:false,&quot;model&quot;:{&quot;modelUrl&quot;:&quot;https:\\\/\\\/macke.spdns.de\\\/wp-content\\\/uploads\\\/2022\\\/11\\\/Bredenstein2-nur-Stein.glb&quot;,&quot;poster&quot;:&quot;&quot;},&quot;models&quot;:[],&quot;lazyLoad&quot;:false,&quot;autoplay&quot;:false,&quot;shadow&quot;:true,&quot;autoRotate&quot;:true,&quot;zoom&quot;:true,&quot;isPagination&quot;:false,&quot;isNavigation&quot;:true,&quot;preload&quot;:&quot;auto&quot;,&quot;rotationPerSecond&quot;:&quot;30&quot;,&quot;mouseControl&quot;:true,&quot;fullscreen&quot;:true,&quot;variant&quot;:false,&quot;loadingPercentage&quot;:false,&quot;progressBar&quot;:true,&quot;rotate&quot;:false,&quot;rotateAlongX&quot;:&quot;0&quot;,&quot;rotateAlongY&quot;:&quot;75&quot;,&quot;exposure&quot;:1,&quot;styles&quot;:{&quot;width&quot;:&quot;100%&quot;,&quot;height&quot;:&quot;320px&quot;,&quot;bgColor&quot;:&quot;transparent&quot;,&quot;progressBarColor&quot;:&quot;&quot;},&quot;stylesheet&quot;:null,&quot;additional&quot;:{&quot;ID&quot;:&quot;&quot;,&quot;Class&quot;:&quot;&quot;,&quot;CSS&quot;:&quot;&quot;},&quot;animation&quot;:false,&quot;woo&quot;:false,&quot;selectedAnimation&quot;:&quot;&quot;}'><\/div>\r\n\r\n        \r\n\r\n\r\n\r\n<p>&nbsp;<\/p>\r\n\r\n\r\n\r\n<div id=\"tsmap_1\"  style=\"width: 100%; height: 480px; max-width: 100%\"><\/div>\r\n\r\n\r\n\r\n<p>&nbsp;<\/p>\r\n","protected":false},"excerpt":{"rendered":"<p>Das Wetter ist sch\u00f6n, der Hund muss mal raus und ich k\u00f6nnte mal wieder ein 3D-Modell erstellen. Carmela hat auch schon angefragt, ob wir nicht eine Runde drehen wollen. Deshalb machen wir uns auf nach Neuhaus. An der Ahlequelle bin ich ja schon mal gewesen und ich habe den Quelltopf als sehr sehenswert in Erinnerung. [&hellip;]<\/p>\n","protected":false},"author":1,"featured_media":4862,"comment_status":"closed","ping_status":"open","sticky":false,"template":"","format":"standard","meta":{"footnotes":""},"categories":[28,9],"tags":[],"class_list":["post-4866","post","type-post","status-publish","format-standard","has-post-thumbnail","hentry","category-3d","category-draussen-und-unterwegs"],"_links":{"self":[{"href":"https:\/\/macke.spdns.de\/index.php?rest_route=\/wp\/v2\/posts\/4866","targetHints":{"allow":["GET"]}}],"collection":[{"href":"https:\/\/macke.spdns.de\/index.php?rest_route=\/wp\/v2\/posts"}],"about":[{"href":"https:\/\/macke.spdns.de\/index.php?rest_route=\/wp\/v2\/types\/post"}],"author":[{"embeddable":true,"href":"https:\/\/macke.spdns.de\/index.php?rest_route=\/wp\/v2\/users\/1"}],"replies":[{"embeddable":true,"href":"https:\/\/macke.spdns.de\/index.php?rest_route=%2Fwp%2Fv2%2Fcomments&post=4866"}],"version-history":[{"count":0,"href":"https:\/\/macke.spdns.de\/index.php?rest_route=\/wp\/v2\/posts\/4866\/revisions"}],"wp:featuredmedia":[{"embeddable":true,"href":"https:\/\/macke.spdns.de\/index.php?rest_route=\/wp\/v2\/media\/4862"}],"wp:attachment":[{"href":"https:\/\/macke.spdns.de\/index.php?rest_route=%2Fwp%2Fv2%2Fmedia&parent=4866"}],"wp:term":[{"taxonomy":"category","embeddable":true,"href":"https:\/\/macke.spdns.de\/index.php?rest_route=%2Fwp%2Fv2%2Fcategories&post=4866"},{"taxonomy":"post_tag","embeddable":true,"href":"https:\/\/macke.spdns.de\/index.php?rest_route=%2Fwp%2Fv2%2Ftags&post=4866"}],"curies":[{"name":"wp","href":"https:\/\/api.w.org\/{rel}","templated":true}]}}