{"id":486,"date":"2017-08-25T21:02:19","date_gmt":"2017-08-25T19:02:19","guid":{"rendered":"http:\/\/macke.spdns.de\/?p=486"},"modified":"2020-08-10T12:03:51","modified_gmt":"2020-08-10T10:03:51","slug":"rathen-bastei-schwedenloecher-wehlen","status":"publish","type":"post","link":"https:\/\/macke.spdns.de\/?p=486","title":{"rendered":"Rathen &#8211; Bastei &#8211; Schwedenl\u00f6cher &#8211; Wehlen"},"content":{"rendered":"<p>Der Weg zum Startpunkt unserer Wanderung f\u00fchrte uns heute wieder nach Rathen. Von dort sind wir den Schildern zur Bastei gefolgt und dorthin aufgestiegen. Auf diesem Weg kommt man an der Felsenburg vorbei, deren Besichtigung wir uns nat\u00fcrlich nicht haben nehmen lassen.<\/p>\n<div id=\"attachment_479\" style=\"width: 310px\" class=\"wp-caption alignnone\"><img loading=\"lazy\" decoding=\"async\" aria-describedby=\"caption-attachment-479\" class=\"size-medium wp-image-479\" src=\"http:\/\/macke.spdns.de\/wp-content\/uploads\/2017\/08\/IMG_5424-300x225.jpg\" alt=\"\" width=\"300\" height=\"225\" srcset=\"https:\/\/macke.spdns.de\/wp-content\/uploads\/2017\/08\/IMG_5424-300x225.jpg 300w, https:\/\/macke.spdns.de\/wp-content\/uploads\/2017\/08\/IMG_5424-768x576.jpg 768w, https:\/\/macke.spdns.de\/wp-content\/uploads\/2017\/08\/IMG_5424-1024x768.jpg 1024w\" sizes=\"auto, (max-width: 300px) 100vw, 300px\" \/><p id=\"caption-attachment-479\" class=\"wp-caption-text\">Die Felsenburg auf der Bastei<\/p><\/div>\n<p>Bis dahin hatten wir schon drei viertel des Aufstiegs geschafft. Einen sch\u00f6nen Blick auf die Lokomotive, zu deren Fu\u00df wir gestern wanderten hatten wir von dort auch.<\/p>\n<div id=\"attachment_480\" style=\"width: 310px\" class=\"wp-caption alignnone\"><img loading=\"lazy\" decoding=\"async\" aria-describedby=\"caption-attachment-480\" class=\"size-medium wp-image-480\" src=\"http:\/\/macke.spdns.de\/wp-content\/uploads\/2017\/08\/IMG_5426-300x225.jpg\" alt=\"\" width=\"300\" height=\"225\" srcset=\"https:\/\/macke.spdns.de\/wp-content\/uploads\/2017\/08\/IMG_5426-300x225.jpg 300w, https:\/\/macke.spdns.de\/wp-content\/uploads\/2017\/08\/IMG_5426-768x576.jpg 768w, https:\/\/macke.spdns.de\/wp-content\/uploads\/2017\/08\/IMG_5426-1024x768.jpg 1024w\" sizes=\"auto, (max-width: 300px) 100vw, 300px\" \/><p id=\"caption-attachment-480\" class=\"wp-caption-text\">Die Lokomotive von der Bastei<\/p><\/div>\n<p>Von der Felsenburg kann man auch zur Basteibr\u00fccke hin\u00fcbersehen. Wo Johannes sich nochmal f\u00fcr ein Foto zur Verf\u00fcgung stellte.<\/p>\n<div id=\"attachment_478\" style=\"width: 310px\" class=\"wp-caption alignnone\"><img loading=\"lazy\" decoding=\"async\" aria-describedby=\"caption-attachment-478\" class=\"size-medium wp-image-478\" src=\"http:\/\/macke.spdns.de\/wp-content\/uploads\/2017\/08\/IMG_5423-300x225.jpg\" alt=\"\" width=\"300\" height=\"225\" srcset=\"https:\/\/macke.spdns.de\/wp-content\/uploads\/2017\/08\/IMG_5423-300x225.jpg 300w, https:\/\/macke.spdns.de\/wp-content\/uploads\/2017\/08\/IMG_5423-768x576.jpg 768w, https:\/\/macke.spdns.de\/wp-content\/uploads\/2017\/08\/IMG_5423-1024x768.jpg 1024w\" sizes=\"auto, (max-width: 300px) 100vw, 300px\" \/><p id=\"caption-attachment-478\" class=\"wp-caption-text\">Die Basteibr\u00fccke von der Felsenburg<\/p><\/div>\n<div id=\"attachment_481\" style=\"width: 310px\" class=\"wp-caption alignnone\"><img loading=\"lazy\" decoding=\"async\" aria-describedby=\"caption-attachment-481\" class=\"size-medium wp-image-481\" src=\"http:\/\/macke.spdns.de\/wp-content\/uploads\/2017\/08\/IMG_5430-300x225.jpg\" alt=\"\" width=\"300\" height=\"225\" srcset=\"https:\/\/macke.spdns.de\/wp-content\/uploads\/2017\/08\/IMG_5430-300x225.jpg 300w, https:\/\/macke.spdns.de\/wp-content\/uploads\/2017\/08\/IMG_5430-768x576.jpg 768w, https:\/\/macke.spdns.de\/wp-content\/uploads\/2017\/08\/IMG_5430-1024x768.jpg 1024w\" sizes=\"auto, (max-width: 300px) 100vw, 300px\" \/><p id=\"caption-attachment-481\" class=\"wp-caption-text\">Johannes auf der Basteibr\u00fccke<\/p><\/div>\n<p>Auch sch\u00f6ne Blicke auf die im Tal flie\u00dfende Elbe haten wir von dort.<\/p>\n<div id=\"attachment_477\" style=\"width: 310px\" class=\"wp-caption alignnone\"><img loading=\"lazy\" decoding=\"async\" aria-describedby=\"caption-attachment-477\" class=\"size-medium wp-image-477\" src=\"http:\/\/macke.spdns.de\/wp-content\/uploads\/2017\/08\/IMG_5418-300x225.jpg\" alt=\"\" width=\"300\" height=\"225\" srcset=\"https:\/\/macke.spdns.de\/wp-content\/uploads\/2017\/08\/IMG_5418-300x225.jpg 300w, https:\/\/macke.spdns.de\/wp-content\/uploads\/2017\/08\/IMG_5418-768x576.jpg 768w, https:\/\/macke.spdns.de\/wp-content\/uploads\/2017\/08\/IMG_5418-1024x768.jpg 1024w\" sizes=\"auto, (max-width: 300px) 100vw, 300px\" \/><p id=\"caption-attachment-477\" class=\"wp-caption-text\">Johannes auf der Basteiaussicht<\/p><\/div>\n<div id=\"attachment_482\" style=\"width: 310px\" class=\"wp-caption alignnone\"><img loading=\"lazy\" decoding=\"async\" aria-describedby=\"caption-attachment-482\" class=\"size-medium wp-image-482\" src=\"http:\/\/macke.spdns.de\/wp-content\/uploads\/2017\/08\/IMG_5441-300x225.jpg\" alt=\"\" width=\"300\" height=\"225\" srcset=\"https:\/\/macke.spdns.de\/wp-content\/uploads\/2017\/08\/IMG_5441-300x225.jpg 300w, https:\/\/macke.spdns.de\/wp-content\/uploads\/2017\/08\/IMG_5441-768x576.jpg 768w, https:\/\/macke.spdns.de\/wp-content\/uploads\/2017\/08\/IMG_5441-1024x768.jpg 1024w\" sizes=\"auto, (max-width: 300px) 100vw, 300px\" \/><p id=\"caption-attachment-482\" class=\"wp-caption-text\">Die Elbe von der Bastei<\/p><\/div>\n<p>Insgesamt entsch\u00e4digte das Alles etwas f\u00fcr die vielen Menschen, die teils in Adiletten, dort unterwegs waren. Man kann n\u00e4mlich von der anderen Seite mit dem Auto fast bist zur Bastei fahren.<\/p>\n<p>Dann wollte ich gerne in die Schwedenl\u00f6cher absteigen, weil ich die bei meinem letzten Besuch nur zur H\u00e4lfte erwandert hatte. Wir wollten eigentlich auch \u00fcber die Schwedenl\u00f6cher wieder aufsteigen und am Steinernen Tisch vorbei nach Wehlen wandern, um dann mit dem Raddampfer nach Rathen zur\u00fcckzufahren. Beim Abstieg haben wir aber etwas \u00fcber 500 Stufen, ohne die Abstiege ohne Stufen, gez\u00e4hlt. Wir haben uns dann entschieden von den Schwedenl\u00f6chern am Amselsee vorbei nacht Rathen und dann an der Elbe entlang nach Wehlen zu gehen (keine Stufen).<\/p>\n<div id=\"attachment_483\" style=\"width: 310px\" class=\"wp-caption alignnone\"><img loading=\"lazy\" decoding=\"async\" aria-describedby=\"caption-attachment-483\" class=\"size-medium wp-image-483\" src=\"http:\/\/macke.spdns.de\/wp-content\/uploads\/2017\/08\/IMG_5446-300x225.jpg\" alt=\"\" width=\"300\" height=\"225\" srcset=\"https:\/\/macke.spdns.de\/wp-content\/uploads\/2017\/08\/IMG_5446-300x225.jpg 300w, https:\/\/macke.spdns.de\/wp-content\/uploads\/2017\/08\/IMG_5446-768x576.jpg 768w, https:\/\/macke.spdns.de\/wp-content\/uploads\/2017\/08\/IMG_5446-1024x768.jpg 1024w\" sizes=\"auto, (max-width: 300px) 100vw, 300px\" \/><p id=\"caption-attachment-483\" class=\"wp-caption-text\">Johannes in einem der Schwedenl\u00f6cher<\/p><\/div>\n<div id=\"attachment_484\" style=\"width: 310px\" class=\"wp-caption alignnone\"><img loading=\"lazy\" decoding=\"async\" aria-describedby=\"caption-attachment-484\" class=\"size-medium wp-image-484\" src=\"http:\/\/macke.spdns.de\/wp-content\/uploads\/2017\/08\/IMG_5450-300x225.jpg\" alt=\"\" width=\"300\" height=\"225\" srcset=\"https:\/\/macke.spdns.de\/wp-content\/uploads\/2017\/08\/IMG_5450-300x225.jpg 300w, https:\/\/macke.spdns.de\/wp-content\/uploads\/2017\/08\/IMG_5450-768x576.jpg 768w, https:\/\/macke.spdns.de\/wp-content\/uploads\/2017\/08\/IMG_5450-1024x768.jpg 1024w\" sizes=\"auto, (max-width: 300px) 100vw, 300px\" \/><p id=\"caption-attachment-484\" class=\"wp-caption-text\">Auf dem Weg durch die Schwedenl\u00f6cher<\/p><\/div>\n<p>Am Amselsee haben wir dann frisch ger\u00e4ucherte Forellen und an der Elbe kurz vor Wehlen noch ein St\u00fcck Kuchen gegessen.<\/p>\n<p>Ok, Bernd, deine schmeckten besser, aber diese waren auch nicht schlecht.<\/p>\n<div id=\"attachment_485\" style=\"width: 310px\" class=\"wp-caption alignnone\"><img loading=\"lazy\" decoding=\"async\" aria-describedby=\"caption-attachment-485\" class=\"size-medium wp-image-485\" src=\"http:\/\/macke.spdns.de\/wp-content\/uploads\/2017\/08\/IMG_5451-300x225.jpg\" alt=\"\" width=\"300\" height=\"225\" srcset=\"https:\/\/macke.spdns.de\/wp-content\/uploads\/2017\/08\/IMG_5451-300x225.jpg 300w, https:\/\/macke.spdns.de\/wp-content\/uploads\/2017\/08\/IMG_5451-768x576.jpg 768w, https:\/\/macke.spdns.de\/wp-content\/uploads\/2017\/08\/IMG_5451-1024x768.jpg 1024w\" sizes=\"auto, (max-width: 300px) 100vw, 300px\" \/><p id=\"caption-attachment-485\" class=\"wp-caption-text\">Im Cafe an der Elbe kurz vor Wehlen<\/p><\/div>\n<p>Dadurch haben wir dann leider den letzten Dampfer verpasst und sind mit dem Zug nach Rathen zur\u00fcck. Insgesamt heute eine etwas l\u00e4ngere Strecke, aber nur einmal zur Bastei, wirklich bergan.<\/p>\n<div id=\"tsmap_1\"  style=\"width: 100%; height: 480px; max-width: 100%\"><\/div>\n","protected":false},"excerpt":{"rendered":"<p>Der Weg zum Startpunkt unserer Wanderung f\u00fchrte uns heute wieder nach Rathen. Von dort sind wir den Schildern zur Bastei gefolgt und dorthin aufgestiegen. Auf diesem Weg kommt man an der Felsenburg vorbei, deren Besichtigung wir uns nat\u00fcrlich nicht haben nehmen lassen. Bis dahin hatten wir schon drei viertel des Aufstiegs geschafft. Einen sch\u00f6nen Blick [&hellip;]<\/p>\n","protected":false},"author":1,"featured_media":0,"comment_status":"closed","ping_status":"open","sticky":false,"template":"","format":"gallery","meta":{"footnotes":""},"categories":[9,22],"tags":[],"class_list":["post-486","post","type-post","status-publish","format-gallery","hentry","category-draussen-und-unterwegs","category-saechsischeschweiz","post_format-post-format-gallery"],"_links":{"self":[{"href":"https:\/\/macke.spdns.de\/index.php?rest_route=\/wp\/v2\/posts\/486","targetHints":{"allow":["GET"]}}],"collection":[{"href":"https:\/\/macke.spdns.de\/index.php?rest_route=\/wp\/v2\/posts"}],"about":[{"href":"https:\/\/macke.spdns.de\/index.php?rest_route=\/wp\/v2\/types\/post"}],"author":[{"embeddable":true,"href":"https:\/\/macke.spdns.de\/index.php?rest_route=\/wp\/v2\/users\/1"}],"replies":[{"embeddable":true,"href":"https:\/\/macke.spdns.de\/index.php?rest_route=%2Fwp%2Fv2%2Fcomments&post=486"}],"version-history":[{"count":0,"href":"https:\/\/macke.spdns.de\/index.php?rest_route=\/wp\/v2\/posts\/486\/revisions"}],"wp:attachment":[{"href":"https:\/\/macke.spdns.de\/index.php?rest_route=%2Fwp%2Fv2%2Fmedia&parent=486"}],"wp:term":[{"taxonomy":"category","embeddable":true,"href":"https:\/\/macke.spdns.de\/index.php?rest_route=%2Fwp%2Fv2%2Fcategories&post=486"},{"taxonomy":"post_tag","embeddable":true,"href":"https:\/\/macke.spdns.de\/index.php?rest_route=%2Fwp%2Fv2%2Ftags&post=486"}],"curies":[{"name":"wp","href":"https:\/\/api.w.org\/{rel}","templated":true}]}}