{"id":4656,"date":"2022-09-03T16:03:56","date_gmt":"2022-09-03T14:03:56","guid":{"rendered":"https:\/\/macke.spdns.de\/?p=4656"},"modified":"2022-09-07T19:05:35","modified_gmt":"2022-09-07T17:05:35","slug":"e1-2022-tag-3","status":"publish","type":"post","link":"https:\/\/macke.spdns.de\/?p=4656","title":{"rendered":"E1 2022 &#8211; Tag 3"},"content":{"rendered":"\n<p>Heute beginnen wir unseren Weg in Bretten und verlaufen uns gleich auf dem Wochenmarkt. Als wir die gr\u00fcnen Kreuze wiederfinden, laufen wir zun\u00e4chst durch die nette Altstadt, dann durch ein wenig langweilige Siedlungen bevor wir den ersten Waldabschnitt erreichen. <\/p>\n\n\n\n<figure class=\"wp-block-image\"><img loading=\"lazy\" decoding=\"async\" width=\"1024\" height=\"576\" src=\"https:\/\/macke.spdns.de\/wp-content\/uploads\/2022\/09\/20220903_090253-1024x576.jpg\" alt=\"\" class=\"wp-image-4655\" srcset=\"https:\/\/macke.spdns.de\/wp-content\/uploads\/2022\/09\/20220903_090253-1024x576.jpg 1024w, https:\/\/macke.spdns.de\/wp-content\/uploads\/2022\/09\/20220903_090253-300x169.jpg 300w, https:\/\/macke.spdns.de\/wp-content\/uploads\/2022\/09\/20220903_090253-150x84.jpg 150w, https:\/\/macke.spdns.de\/wp-content\/uploads\/2022\/09\/20220903_090253-768x432.jpg 768w, https:\/\/macke.spdns.de\/wp-content\/uploads\/2022\/09\/20220903_090253-1536x864.jpg 1536w, https:\/\/macke.spdns.de\/wp-content\/uploads\/2022\/09\/20220903_090253-2048x1152.jpg 2048w, https:\/\/macke.spdns.de\/wp-content\/uploads\/2022\/09\/20220903_090253-816x459.jpg 816w\" sizes=\"auto, (max-width: 1024px) 100vw, 1024px\" \/><\/figure>\n\n\n\n<p>Heute ist es bew\u00f6lkt und nicht so warm, perfektes Wetter zum Wandern. <\/p>\n\n\n\n<p>Nach einem l\u00e4ngeren St\u00fcck \u00fcber Felder erreichen wir Stein.  Hier finden wir eine B\u00e4ckerei, wo es auch eine Auswahl von Mittagsmen\u00fcs gibt. Heute bestellt jeder etwas  anderes und Bernd Dampfnudeln mit Vanillesauce.  Ich erwarte, dass er so eine Art Germkn\u00f6del bekommt. Er bekommt aber f\u00fcnf trockene Berliner ohne F\u00fcllung. Tapfer verspeist er vier davon. Die restlichen Essen entsprechen den Erwartungen und sind lecker.<\/p>\n\n\n\n<p>Von Stein aus geht es weiter nach Ispringen. Der Weg verl\u00e4uft \u00fcberwiegend durch W\u00e4lder, mal mit j\u00fcngeren mal mit \u00e4lterem Baumbestand. Am &#8222;Grenzweg&#8220; stehen viele Grenzsteine aus alter Zeit. Einige sind mit rot\/wei\u00dfen Stangen markiert, damit sie nicht den R\u00fcckearbeiten zum Opfer fallen.<\/p>\n\n\n\n<p>Kurz vor Ispringen zieht sich in Richtung Pforzheim der Himmel zu. <\/p>\n\n\n\n<figure class=\"wp-block-image size-large\"><img loading=\"lazy\" decoding=\"async\" width=\"1024\" height=\"576\" src=\"https:\/\/macke.spdns.de\/wp-content\/uploads\/2022\/09\/20220903_155116-1024x576.jpg\" alt=\"\" class=\"wp-image-4686\" srcset=\"https:\/\/macke.spdns.de\/wp-content\/uploads\/2022\/09\/20220903_155116-1024x576.jpg 1024w, https:\/\/macke.spdns.de\/wp-content\/uploads\/2022\/09\/20220903_155116-300x169.jpg 300w, https:\/\/macke.spdns.de\/wp-content\/uploads\/2022\/09\/20220903_155116-150x84.jpg 150w, https:\/\/macke.spdns.de\/wp-content\/uploads\/2022\/09\/20220903_155116-768x432.jpg 768w, https:\/\/macke.spdns.de\/wp-content\/uploads\/2022\/09\/20220903_155116-1536x864.jpg 1536w, https:\/\/macke.spdns.de\/wp-content\/uploads\/2022\/09\/20220903_155116-2048x1152.jpg 2048w, https:\/\/macke.spdns.de\/wp-content\/uploads\/2022\/09\/20220903_155116-816x459.jpg 816w\" sizes=\"auto, (max-width: 1024px) 100vw, 1024px\" \/><figcaption>Gewitter droht<\/figcaption><\/figure>\n\n\n\n<p>An der Sankt Wendelin Kapelle machen wir eine Pause und \u00fcberlegen, ob wir den Regen erst abwarten sollten.  Bernd entschlie\u00dft dann: Es gibt keinen Regen und wir gehen weiter. <\/p>\n\n\n\n<figure class=\"wp-block-image size-large\"><img loading=\"lazy\" decoding=\"async\" width=\"1024\" height=\"576\" src=\"https:\/\/macke.spdns.de\/wp-content\/uploads\/2022\/09\/20220903_155140-1024x576.jpg\" alt=\"\" class=\"wp-image-4684\" srcset=\"https:\/\/macke.spdns.de\/wp-content\/uploads\/2022\/09\/20220903_155140-1024x576.jpg 1024w, https:\/\/macke.spdns.de\/wp-content\/uploads\/2022\/09\/20220903_155140-300x169.jpg 300w, https:\/\/macke.spdns.de\/wp-content\/uploads\/2022\/09\/20220903_155140-150x84.jpg 150w, https:\/\/macke.spdns.de\/wp-content\/uploads\/2022\/09\/20220903_155140-768x432.jpg 768w, https:\/\/macke.spdns.de\/wp-content\/uploads\/2022\/09\/20220903_155140-1536x864.jpg 1536w, https:\/\/macke.spdns.de\/wp-content\/uploads\/2022\/09\/20220903_155140-2048x1152.jpg 2048w, https:\/\/macke.spdns.de\/wp-content\/uploads\/2022\/09\/20220903_155140-816x459.jpg 816w\" sizes=\"auto, (max-width: 1024px) 100vw, 1024px\" \/><figcaption>Die St. Wendelin Kapelle<\/figcaption><\/figure>\n\n\n\n<p>Tats\u00e4chlich bleiben wir von Regen und Gewitter verschont. Dank St. Wendelin? Von Ispringen nach Pforzheim geht es nochmal ganz sch\u00f6n bergab, was f\u00fcr die geschundenen F\u00fc\u00dfe auch nicht nur angenehm ist. <\/p>\n\n\n\n<p>Hinter dem Ortsschild von Pforzheim erreichen wir eine Bushaltestelle. Hier entbrennt eine kurze Diskussion, ob wir vielleicht von hier mit dem Bus zum Auto fahren sollten. Wir entschlie\u00dfen  uns aber dann doch bis zum Bahnhof zu gehen. <\/p>\n\n\n\n<p>Im Nachhinein auch eine gute Idee, weil wir fast sofort einen Zug und auch einen passenden Anschlu\u00dfzug erwischen. <\/p>\n\n\n\n<p>So endet unsere diesj\u00e4hrige Wanderung in Pforzheim. Ich h\u00e4tte nicht gedacht, dass wir soweit kommen. F\u00fcr die n\u00e4chsten Jahre ist angedacht, wegen der langen Anfahrt, einen tag l\u00e4nger zu wandern, das hei\u00dft schon am Dienstag anzureisen.  Die Idee eine ganze Woche zu gehen wurde nach Tag 2 wieder verworfen, weil die Chance sechs oder sieben Tage laufen zu k\u00f6nnen, doch eher klein ist.<\/p>\n\n\n\n<p>Ich bin gespannt, ob das mit dem Tag l\u00e4nger klappt.<\/p>\n\n\n\n<div id=\"tsmap_1\"  style=\"width: 100%; height: 480px; max-width: 100%\"><\/div>\n","protected":false},"excerpt":{"rendered":"<p>Heute beginnen wir unseren Weg in Bretten und verlaufen uns gleich auf dem Wochenmarkt. Als wir die gr\u00fcnen Kreuze wiederfinden, laufen wir zun\u00e4chst durch die nette Altstadt, dann durch ein wenig langweilige Siedlungen bevor wir den ersten Waldabschnitt erreichen. Heute ist es bew\u00f6lkt und nicht so warm, perfektes Wetter zum Wandern. Nach einem l\u00e4ngeren St\u00fcck [&hellip;]<\/p>\n","protected":false},"author":1,"featured_media":4685,"comment_status":"closed","ping_status":"open","sticky":false,"template":"","format":"standard","meta":{"footnotes":""},"categories":[19],"tags":[],"class_list":["post-4656","post","type-post","status-publish","format-standard","has-post-thumbnail","hentry","category-e1"],"_links":{"self":[{"href":"https:\/\/macke.spdns.de\/index.php?rest_route=\/wp\/v2\/posts\/4656","targetHints":{"allow":["GET"]}}],"collection":[{"href":"https:\/\/macke.spdns.de\/index.php?rest_route=\/wp\/v2\/posts"}],"about":[{"href":"https:\/\/macke.spdns.de\/index.php?rest_route=\/wp\/v2\/types\/post"}],"author":[{"embeddable":true,"href":"https:\/\/macke.spdns.de\/index.php?rest_route=\/wp\/v2\/users\/1"}],"replies":[{"embeddable":true,"href":"https:\/\/macke.spdns.de\/index.php?rest_route=%2Fwp%2Fv2%2Fcomments&post=4656"}],"version-history":[{"count":0,"href":"https:\/\/macke.spdns.de\/index.php?rest_route=\/wp\/v2\/posts\/4656\/revisions"}],"wp:featuredmedia":[{"embeddable":true,"href":"https:\/\/macke.spdns.de\/index.php?rest_route=\/wp\/v2\/media\/4685"}],"wp:attachment":[{"href":"https:\/\/macke.spdns.de\/index.php?rest_route=%2Fwp%2Fv2%2Fmedia&parent=4656"}],"wp:term":[{"taxonomy":"category","embeddable":true,"href":"https:\/\/macke.spdns.de\/index.php?rest_route=%2Fwp%2Fv2%2Fcategories&post=4656"},{"taxonomy":"post_tag","embeddable":true,"href":"https:\/\/macke.spdns.de\/index.php?rest_route=%2Fwp%2Fv2%2Ftags&post=4656"}],"curies":[{"name":"wp","href":"https:\/\/api.w.org\/{rel}","templated":true}]}}