{"id":4618,"date":"2022-08-28T15:56:00","date_gmt":"2022-08-28T13:56:00","guid":{"rendered":"https:\/\/macke.spdns.de\/?p=4618"},"modified":"2022-12-28T20:31:43","modified_gmt":"2022-12-28T19:31:43","slug":"die-randerung","status":"publish","type":"post","link":"https:\/\/macke.spdns.de\/?p=4618","title":{"rendered":"Die Randerung"},"content":{"rendered":"\r\n<p>Eigentlich will die zu drei Vierteln komplette BIM-Arbeitsgruppe eine Radtour machen. Leider hat der Holzmindener Radverleih aus gesundheitlichen Gr\u00fcnden geschlossen und Silvana deshalb kein Fahrrad.<\/p>\r\n\r\n\r\n\r\n<p>So machen wir aus der Radtour eben eine Wanderung. Das gef\u00e4llt Kora auch besser. Wir fahren mit dem Auto zum Wanderparkplatz oberhalb von Bevern. Die gew\u00e4hlte Route soll uns an der W\u00fcstung Loghe und am aufgelassenen Munitionslager vorbei, wieder zum Wanderparkplatz f\u00fchren.<\/p>\r\n\r\n\r\n\r\n<p>Der erste Teil des Weges f\u00fchrt am Waldrand entlang und ist relativ schattig. Auf einer Bank am Wegesrand machen wir eine Pause.<\/p>\r\n\r\n\r\n\r\n<p>&nbsp;<\/p>\r\n\r\n\r\n\r\n<figure class=\"wp-block-image size-full\"><img loading=\"lazy\" decoding=\"async\" width=\"768\" height=\"1024\" class=\"wp-image-4605\" src=\"https:\/\/macke.spdns.de\/wp-content\/uploads\/2022\/08\/IMG-20220828-WA0034.jpg\" alt=\"\" srcset=\"https:\/\/macke.spdns.de\/wp-content\/uploads\/2022\/08\/IMG-20220828-WA0034.jpg 768w, https:\/\/macke.spdns.de\/wp-content\/uploads\/2022\/08\/IMG-20220828-WA0034-225x300.jpg 225w, https:\/\/macke.spdns.de\/wp-content\/uploads\/2022\/08\/IMG-20220828-WA0034-113x150.jpg 113w\" sizes=\"auto, (max-width: 768px) 100vw, 768px\" \/>\r\n<figcaption>This boots are made for walking&#8230;<\/figcaption>\r\n<\/figure>\r\n\r\n\r\n\r\n<figure class=\"wp-block-image size-large\"><img loading=\"lazy\" decoding=\"async\" width=\"1024\" height=\"576\" class=\"wp-image-4616\" src=\"https:\/\/macke.spdns.de\/wp-content\/uploads\/2022\/08\/20220828_141827-1024x576.jpg\" alt=\"\" srcset=\"https:\/\/macke.spdns.de\/wp-content\/uploads\/2022\/08\/20220828_141827-1024x576.jpg 1024w, https:\/\/macke.spdns.de\/wp-content\/uploads\/2022\/08\/20220828_141827-300x169.jpg 300w, https:\/\/macke.spdns.de\/wp-content\/uploads\/2022\/08\/20220828_141827-150x84.jpg 150w, https:\/\/macke.spdns.de\/wp-content\/uploads\/2022\/08\/20220828_141827-768x432.jpg 768w, https:\/\/macke.spdns.de\/wp-content\/uploads\/2022\/08\/20220828_141827-1536x864.jpg 1536w, https:\/\/macke.spdns.de\/wp-content\/uploads\/2022\/08\/20220828_141827-2048x1152.jpg 2048w, https:\/\/macke.spdns.de\/wp-content\/uploads\/2022\/08\/20220828_141827-816x459.jpg 816w\" sizes=\"auto, (max-width: 1024px) 100vw, 1024px\" \/>\r\n<figcaption>Pause<\/figcaption>\r\n<\/figure>\r\n\r\n\r\n\r\n<figure class=\"wp-block-image size-large\"><img loading=\"lazy\" decoding=\"async\" width=\"1024\" height=\"768\" class=\"wp-image-4615\" src=\"https:\/\/macke.spdns.de\/wp-content\/uploads\/2022\/08\/20220828_141903-1024x768.jpg\" alt=\"\" srcset=\"https:\/\/macke.spdns.de\/wp-content\/uploads\/2022\/08\/20220828_141903-1024x768.jpg 1024w, https:\/\/macke.spdns.de\/wp-content\/uploads\/2022\/08\/20220828_141903-300x225.jpg 300w, https:\/\/macke.spdns.de\/wp-content\/uploads\/2022\/08\/20220828_141903-150x113.jpg 150w, https:\/\/macke.spdns.de\/wp-content\/uploads\/2022\/08\/20220828_141903-768x576.jpg 768w, https:\/\/macke.spdns.de\/wp-content\/uploads\/2022\/08\/20220828_141903-1536x1152.jpg 1536w, https:\/\/macke.spdns.de\/wp-content\/uploads\/2022\/08\/20220828_141903-2048x1536.jpg 2048w, https:\/\/macke.spdns.de\/wp-content\/uploads\/2022\/08\/20220828_141903-816x612.jpg 816w\" sizes=\"auto, (max-width: 1024px) 100vw, 1024px\" \/>\r\n<figcaption>Ok, das mit den Selfies \u00fcben wir noch&#8230;.<\/figcaption>\r\n<\/figure>\r\n\r\n\r\n\r\n<p>Von dem <a href=\"https:\/\/macke.spdns.de\/?p=3945\" target=\"_blank\" rel=\"noreferrer noopener\">Weg hier und der W\u00fcstung<\/a> (von der eigentlich gar nichts mehr zu sehen ist) habe ich bereits berichtet. Der Weg ist im Fr\u00fchling oder Herbst sehr sch\u00f6n zu gehen, weil hier viele sonnige Abschnitte sind. Heute ist es doch ein wenig w\u00e4rmer als gedacht und manchmal ein bisschen sehr warm.<\/p>\r\n\r\n\r\n\r\n<p>Wenn wir \u00fcber das Tal blicken, k\u00f6nnen wir den <a href=\"https:\/\/macke.spdns.de\/?p=4302\" target=\"_blank\" rel=\"noreferrer noopener\">Burgberg<\/a> sehen, auf dem wir ja dieses Jahr auch schon unterwegs waren um die Frauenschuhe zu besichtigen. Manchmal bleibe ich stehen, um nach dem Turm des Semaphors zu suchen. Er scheint aber zu niedrig zu sein und nicht \u00fcber die B\u00e4ume zu reichen.<\/p>\r\n\r\n\r\n\r\n<p>Sch\u00f6ne Ausblicke werden hier oben jedenfalls geboten.<\/p>\r\n\r\n\r\n\r\n<figure class=\"wp-block-image size-full\"><img loading=\"lazy\" decoding=\"async\" width=\"768\" height=\"1024\" class=\"wp-image-4609\" src=\"https:\/\/macke.spdns.de\/wp-content\/uploads\/2022\/08\/IMG-20220828-WA0028.jpg\" alt=\"\" srcset=\"https:\/\/macke.spdns.de\/wp-content\/uploads\/2022\/08\/IMG-20220828-WA0028.jpg 768w, https:\/\/macke.spdns.de\/wp-content\/uploads\/2022\/08\/IMG-20220828-WA0028-225x300.jpg 225w, https:\/\/macke.spdns.de\/wp-content\/uploads\/2022\/08\/IMG-20220828-WA0028-113x150.jpg 113w\" sizes=\"auto, (max-width: 768px) 100vw, 768px\" \/><\/figure>\r\n\r\n\r\n\r\n<figure class=\"wp-block-image size-full\"><img loading=\"lazy\" decoding=\"async\" width=\"768\" height=\"1024\" class=\"wp-image-4610\" src=\"https:\/\/macke.spdns.de\/wp-content\/uploads\/2022\/08\/IMG-20220828-WA0017.jpg\" alt=\"\" srcset=\"https:\/\/macke.spdns.de\/wp-content\/uploads\/2022\/08\/IMG-20220828-WA0017.jpg 768w, https:\/\/macke.spdns.de\/wp-content\/uploads\/2022\/08\/IMG-20220828-WA0017-225x300.jpg 225w, https:\/\/macke.spdns.de\/wp-content\/uploads\/2022\/08\/IMG-20220828-WA0017-113x150.jpg 113w\" sizes=\"auto, (max-width: 768px) 100vw, 768px\" \/>\r\n<figcaption>Das Wesertal<\/figcaption>\r\n<\/figure>\r\n\r\n\r\n\r\n<figure class=\"wp-block-image size-full\"><img loading=\"lazy\" decoding=\"async\" width=\"768\" height=\"1024\" class=\"wp-image-4614\" src=\"https:\/\/macke.spdns.de\/wp-content\/uploads\/2022\/08\/IMG-20220828-WA0013.jpg\" alt=\"\" srcset=\"https:\/\/macke.spdns.de\/wp-content\/uploads\/2022\/08\/IMG-20220828-WA0013.jpg 768w, https:\/\/macke.spdns.de\/wp-content\/uploads\/2022\/08\/IMG-20220828-WA0013-225x300.jpg 225w, https:\/\/macke.spdns.de\/wp-content\/uploads\/2022\/08\/IMG-20220828-WA0013-113x150.jpg 113w\" sizes=\"auto, (max-width: 768px) 100vw, 768px\" \/>\r\n<figcaption>Blick zum Burgberg<\/figcaption>\r\n<\/figure>\r\n\r\n\r\n\r\n<p>Mit ein wenig Tr\u00f6delei kommen wir nach ca. zwei Stunden wieder beim Auto an. Danach fahren wir noch in den Ort zum Caf\u00e9 am Beverbach. Dort gibt es Getr\u00e4nke und leckeren Kuchen und f\u00fcr Kora die Gelegenheit andere G\u00e4ste zu ver\u00e4ngstigen.<\/p>\r\n\r\n\r\n\r\n<p>Abends gibt es noch ein Radler und ein Schnitzelchen in der Hafenbar. So endet ein sch\u00f6ner Tag.<\/p>\r\n\r\n\r\n\r\n<div id=\"tsmap_1\"  style=\"width: 100%; height: 480px; max-width: 100%\"><\/div>\r\n","protected":false},"excerpt":{"rendered":"<p>Eigentlich will die zu drei Vierteln komplette BIM-Arbeitsgruppe eine Radtour machen. Leider hat der Holzmindener Radverleih aus gesundheitlichen Gr\u00fcnden geschlossen und Silvana deshalb kein Fahrrad. So machen wir aus der Radtour eben eine Wanderung. Das gef\u00e4llt Kora auch besser. Wir fahren mit dem Auto zum Wanderparkplatz oberhalb von Bevern. Die gew\u00e4hlte Route soll uns an [&hellip;]<\/p>\n","protected":false},"author":1,"featured_media":4612,"comment_status":"closed","ping_status":"open","sticky":false,"template":"","format":"standard","meta":{"footnotes":""},"categories":[9],"tags":[],"class_list":["post-4618","post","type-post","status-publish","format-standard","has-post-thumbnail","hentry","category-draussen-und-unterwegs"],"_links":{"self":[{"href":"https:\/\/macke.spdns.de\/index.php?rest_route=\/wp\/v2\/posts\/4618","targetHints":{"allow":["GET"]}}],"collection":[{"href":"https:\/\/macke.spdns.de\/index.php?rest_route=\/wp\/v2\/posts"}],"about":[{"href":"https:\/\/macke.spdns.de\/index.php?rest_route=\/wp\/v2\/types\/post"}],"author":[{"embeddable":true,"href":"https:\/\/macke.spdns.de\/index.php?rest_route=\/wp\/v2\/users\/1"}],"replies":[{"embeddable":true,"href":"https:\/\/macke.spdns.de\/index.php?rest_route=%2Fwp%2Fv2%2Fcomments&post=4618"}],"version-history":[{"count":0,"href":"https:\/\/macke.spdns.de\/index.php?rest_route=\/wp\/v2\/posts\/4618\/revisions"}],"wp:featuredmedia":[{"embeddable":true,"href":"https:\/\/macke.spdns.de\/index.php?rest_route=\/wp\/v2\/media\/4612"}],"wp:attachment":[{"href":"https:\/\/macke.spdns.de\/index.php?rest_route=%2Fwp%2Fv2%2Fmedia&parent=4618"}],"wp:term":[{"taxonomy":"category","embeddable":true,"href":"https:\/\/macke.spdns.de\/index.php?rest_route=%2Fwp%2Fv2%2Fcategories&post=4618"},{"taxonomy":"post_tag","embeddable":true,"href":"https:\/\/macke.spdns.de\/index.php?rest_route=%2Fwp%2Fv2%2Ftags&post=4618"}],"curies":[{"name":"wp","href":"https:\/\/api.w.org\/{rel}","templated":true}]}}