{"id":4531,"date":"2022-08-10T10:56:30","date_gmt":"2022-08-10T08:56:30","guid":{"rendered":"https:\/\/macke.spdns.de\/?p=4531"},"modified":"2022-08-13T21:53:43","modified_gmt":"2022-08-13T19:53:43","slug":"erste-rundfahrt-im-osnabruecker-land","status":"publish","type":"post","link":"https:\/\/macke.spdns.de\/?p=4531","title":{"rendered":"Erste Rundfahrt im Osnabr\u00fccker Land"},"content":{"rendered":"\n<p>Nachdem ich gestern mit der Bestie beim Tierarzt war, weswegen ich ja \u00fcberhaupt hier gelandet bin, habe ich heute die erste gr\u00f6\u00dfere Radtour gemacht. Das konnte ich ganz entspannt angehen, weil die Diagnose bei weitem nicht so ernst war, wie ich bef\u00fcrchtet hatte.<\/p>\n\n\n\n<p>Ich hatte mir am Sonntag bereits einige Touren aus dem Internet gesucht:<\/p>\n\n\n\n<ul class=\"wp-block-list\"><li>Auf den Spuren von Overberg<\/li><li>Rund um Weese<\/li><li>Rund um Hasbergen<\/li><li>Rund um Voltlage<\/li><\/ul>\n\n\n\n<p>und den Eggertaler Entdeckerweg, den ich dann heute geradelt bin. Kurz hinter Ankum in Richtung Schwagsdorf startet die Rundtour. Der Startpunkt ist vom Ersteller der Tour schlecht gew\u00e4hlt. Weit und breit kein Parkplatz in Sicht. In einem Waldweg fahre ich das Auto auf einen Schotterstreifen. Da kommt jeder vorbei und brennbar ist der Untergrund auch nicht.<\/p>\n\n\n\n<p>Dann geht es los Richtung Eggerm\u00fchlen. Die Wege sind sch\u00f6n ausgesucht, gut befahrbar und wenig Verkehr. Eggerm\u00fchlen ist ein Dorf oder ein St\u00e4dtchen etwa so gro\u00df wie Neuhaus im Solling. Der Weg f\u00fchrt mich vorbei an gro\u00dfen H\u00f6fen, etwa wie im M\u00fcnsterland. Die sind alle sehr gepflegt, von gro\u00dfen, frisch gem\u00e4hten  Rasenfl\u00e4chen umgeben. <\/p>\n\n\n\n<p>Von Eggerm\u00fchlen geht es an Kettenkamp vorbei in einem gro\u00dfen Bogen in das  FFH-Schutzgebiet Strautbach. Hier machen Kora und ich eine l\u00e4ngere Pause. Der Hund hat ja bisher still vorne im Korb gesessen und freut sich \u00fcber etwas Bewegung und ein Bad im Bach<\/p>\n\n\n\n<figure class=\"wp-block-image size-large\"><img loading=\"lazy\" decoding=\"async\" width=\"1024\" height=\"576\" src=\"https:\/\/macke.spdns.de\/wp-content\/uploads\/2022\/08\/20220809_133156-1024x576.jpg\" alt=\"\" class=\"wp-image-4522\" srcset=\"https:\/\/macke.spdns.de\/wp-content\/uploads\/2022\/08\/20220809_133156-1024x576.jpg 1024w, https:\/\/macke.spdns.de\/wp-content\/uploads\/2022\/08\/20220809_133156-300x169.jpg 300w, https:\/\/macke.spdns.de\/wp-content\/uploads\/2022\/08\/20220809_133156-150x84.jpg 150w, https:\/\/macke.spdns.de\/wp-content\/uploads\/2022\/08\/20220809_133156-768x432.jpg 768w, https:\/\/macke.spdns.de\/wp-content\/uploads\/2022\/08\/20220809_133156-1536x864.jpg 1536w, https:\/\/macke.spdns.de\/wp-content\/uploads\/2022\/08\/20220809_133156-2048x1152.jpg 2048w, https:\/\/macke.spdns.de\/wp-content\/uploads\/2022\/08\/20220809_133156-816x459.jpg 816w\" sizes=\"auto, (max-width: 1024px) 100vw, 1024px\" \/><\/figure>\n\n\n\n<p>Nach der Pause lasse ich Kora etwas neben dem Rad laufen. Nat\u00fcrlich fahre ich entsprechend langsam. Aber Bewegung braucht sie ja auch, sonst nervt sie wieder den ganzen Tag mit ihrem St\u00f6ckchen und das soll ich ja nicht mehr werfen.<\/p>\n\n\n\n<figure class=\"wp-block-image size-large\"><img loading=\"lazy\" decoding=\"async\" width=\"1024\" height=\"576\" src=\"https:\/\/macke.spdns.de\/wp-content\/uploads\/2022\/08\/20220809_133112-1024x576.jpg\" alt=\"\" class=\"wp-image-4524\" srcset=\"https:\/\/macke.spdns.de\/wp-content\/uploads\/2022\/08\/20220809_133112-1024x576.jpg 1024w, https:\/\/macke.spdns.de\/wp-content\/uploads\/2022\/08\/20220809_133112-300x169.jpg 300w, https:\/\/macke.spdns.de\/wp-content\/uploads\/2022\/08\/20220809_133112-150x84.jpg 150w, https:\/\/macke.spdns.de\/wp-content\/uploads\/2022\/08\/20220809_133112-768x432.jpg 768w, https:\/\/macke.spdns.de\/wp-content\/uploads\/2022\/08\/20220809_133112-1536x864.jpg 1536w, https:\/\/macke.spdns.de\/wp-content\/uploads\/2022\/08\/20220809_133112-2048x1152.jpg 2048w, https:\/\/macke.spdns.de\/wp-content\/uploads\/2022\/08\/20220809_133112-816x459.jpg 816w\" sizes=\"auto, (max-width: 1024px) 100vw, 1024px\" \/><figcaption>Der renaturierte Strautbach<\/figcaption><\/figure>\n\n\n\n<p>Weiter geht es in Richtung D\u00f6hten. Dort will ich mir ein Gro\u00dfsteingrab ansehen. Wie unterschiedlich die Generationen mit solchen Denkm\u00e4lern umgehen kann man daran sehen, dass der Deckstein Anfang des 20. Jahrhunderts zum Stra\u00dfenbau verwendet werden sollte. Er hat den Stra\u00dfenbauern aber einen Strich durch die Rechnung gemacht. Nach der Sprengung lie\u00df er sich nicht weiter zerkleinern. Die Steinbrecher bissen sich an ihm die Z\u00e4hne aus. <\/p>\n\n\n\n<p>Zur\u00fcckgeblieben sind nur noch die &#8222;Seitenw\u00e4nde&#8220; und Kopf- und Fu\u00dfstein des Grabs. Schon beeindruckend, was die Altvorderen so zustande gebracht haben&#8230;<\/p>\n\n\n\n<figure class=\"wp-block-image size-large\"><img loading=\"lazy\" decoding=\"async\" width=\"1024\" height=\"576\" src=\"https:\/\/macke.spdns.de\/wp-content\/uploads\/2022\/08\/20220809_135054-1024x576.jpg\" alt=\"\" class=\"wp-image-4527\" srcset=\"https:\/\/macke.spdns.de\/wp-content\/uploads\/2022\/08\/20220809_135054-1024x576.jpg 1024w, https:\/\/macke.spdns.de\/wp-content\/uploads\/2022\/08\/20220809_135054-300x169.jpg 300w, https:\/\/macke.spdns.de\/wp-content\/uploads\/2022\/08\/20220809_135054-150x84.jpg 150w, https:\/\/macke.spdns.de\/wp-content\/uploads\/2022\/08\/20220809_135054-768x432.jpg 768w, https:\/\/macke.spdns.de\/wp-content\/uploads\/2022\/08\/20220809_135054-1536x864.jpg 1536w, https:\/\/macke.spdns.de\/wp-content\/uploads\/2022\/08\/20220809_135054-2048x1152.jpg 2048w, https:\/\/macke.spdns.de\/wp-content\/uploads\/2022\/08\/20220809_135054-816x459.jpg 816w\" sizes=\"auto, (max-width: 1024px) 100vw, 1024px\" \/><\/figure>\n\n\n\n<figure class=\"wp-block-image size-large\"><img loading=\"lazy\" decoding=\"async\" width=\"1024\" height=\"576\" src=\"https:\/\/macke.spdns.de\/wp-content\/uploads\/2022\/08\/20220809_135158-1024x576.jpg\" alt=\"\" class=\"wp-image-4529\" srcset=\"https:\/\/macke.spdns.de\/wp-content\/uploads\/2022\/08\/20220809_135158-1024x576.jpg 1024w, https:\/\/macke.spdns.de\/wp-content\/uploads\/2022\/08\/20220809_135158-300x169.jpg 300w, https:\/\/macke.spdns.de\/wp-content\/uploads\/2022\/08\/20220809_135158-150x84.jpg 150w, https:\/\/macke.spdns.de\/wp-content\/uploads\/2022\/08\/20220809_135158-768x432.jpg 768w, https:\/\/macke.spdns.de\/wp-content\/uploads\/2022\/08\/20220809_135158-1536x864.jpg 1536w, https:\/\/macke.spdns.de\/wp-content\/uploads\/2022\/08\/20220809_135158-2048x1152.jpg 2048w, https:\/\/macke.spdns.de\/wp-content\/uploads\/2022\/08\/20220809_135158-816x459.jpg 816w\" sizes=\"auto, (max-width: 1024px) 100vw, 1024px\" \/><\/figure>\n\n\n\n<p>Jetzt kommt der schwierigste Teil der Tour! Wir m\u00fcssen mit dem Rad den 68 Meter \u00fcber NN liegenden Osterboll erklimmen. <\/p>\n\n\n\n<figure class=\"wp-block-image size-large\"><img loading=\"lazy\" decoding=\"async\" width=\"1024\" height=\"576\" src=\"https:\/\/macke.spdns.de\/wp-content\/uploads\/2022\/08\/IMG-20220809-WA0013-1024x576.jpeg\" alt=\"\" class=\"wp-image-4525\" srcset=\"https:\/\/macke.spdns.de\/wp-content\/uploads\/2022\/08\/IMG-20220809-WA0013-1024x576.jpeg 1024w, https:\/\/macke.spdns.de\/wp-content\/uploads\/2022\/08\/IMG-20220809-WA0013-300x169.jpeg 300w, https:\/\/macke.spdns.de\/wp-content\/uploads\/2022\/08\/IMG-20220809-WA0013-150x84.jpeg 150w, https:\/\/macke.spdns.de\/wp-content\/uploads\/2022\/08\/IMG-20220809-WA0013-768x432.jpeg 768w, https:\/\/macke.spdns.de\/wp-content\/uploads\/2022\/08\/IMG-20220809-WA0013-1536x864.jpeg 1536w, https:\/\/macke.spdns.de\/wp-content\/uploads\/2022\/08\/IMG-20220809-WA0013-2048x1152.jpeg 2048w, https:\/\/macke.spdns.de\/wp-content\/uploads\/2022\/08\/IMG-20220809-WA0013-816x459.jpeg 816w\" sizes=\"auto, (max-width: 1024px) 100vw, 1024px\" \/><\/figure>\n\n\n\n<p>Puh, geschafft. Der Osterboll ist die h\u00f6chste Erhebung hier in der Gegend. Viele Findlinge aus dieser Gegend zusammengetragen, zeugen von der eiszeitlichen Geschichte dieser Gegend.<\/p>\n\n\n\n<p>Jetzt k\u00f6nnte mal eine Gastst\u00e4tte kommen und mir ein Alster und ein Schnitzelchen kredenzen. Kommt aber nicht!<\/p>\n\n\n\n<figure class=\"wp-block-image size-large\"><img loading=\"lazy\" decoding=\"async\" width=\"1024\" height=\"576\" src=\"https:\/\/macke.spdns.de\/wp-content\/uploads\/2022\/08\/20220809_130937-1024x576.jpg\" alt=\"\" class=\"wp-image-4530\" srcset=\"https:\/\/macke.spdns.de\/wp-content\/uploads\/2022\/08\/20220809_130937-1024x576.jpg 1024w, https:\/\/macke.spdns.de\/wp-content\/uploads\/2022\/08\/20220809_130937-300x169.jpg 300w, https:\/\/macke.spdns.de\/wp-content\/uploads\/2022\/08\/20220809_130937-150x84.jpg 150w, https:\/\/macke.spdns.de\/wp-content\/uploads\/2022\/08\/20220809_130937-768x432.jpg 768w, https:\/\/macke.spdns.de\/wp-content\/uploads\/2022\/08\/20220809_130937-1536x864.jpg 1536w, https:\/\/macke.spdns.de\/wp-content\/uploads\/2022\/08\/20220809_130937-2048x1152.jpg 2048w, https:\/\/macke.spdns.de\/wp-content\/uploads\/2022\/08\/20220809_130937-816x459.jpg 816w\" sizes=\"auto, (max-width: 1024px) 100vw, 1024px\" \/><\/figure>\n\n\n\n<p>So fahre ich weiter durch Sussum und wieder Richtung Auto.<\/p>\n\n\n\n<p>So richtig spektakul\u00e4re Dinge gibt es hier nicht zu sehen. Aber beim Radfahren stellt sich nach einiger Zeit auch eine &#8222;meditative Gelassenheit&#8220; ein wie beim Wandern. Fast unabh\u00e4ngig von der Umgebung und das ist ja Ziel des Urlaubs.<\/p>\n\n\n\n<p>Mal sehen, welche Rundtour ich mir Morgen vornehme.<\/p>\n\n\n\n<div id=\"tsmap_1\"  style=\"width: 100%; height: 480px; max-width: 100%\"><\/div>\n","protected":false},"excerpt":{"rendered":"<p>Nachdem ich gestern mit der Bestie beim Tierarzt war, weswegen ich ja \u00fcberhaupt hier gelandet bin, habe ich heute die erste gr\u00f6\u00dfere Radtour gemacht. Das konnte ich ganz entspannt angehen, weil die Diagnose bei weitem nicht so ernst war, wie ich bef\u00fcrchtet hatte. Ich hatte mir am Sonntag bereits einige Touren aus dem Internet gesucht: [&hellip;]<\/p>\n","protected":false},"author":1,"featured_media":4526,"comment_status":"closed","ping_status":"open","sticky":false,"template":"","format":"standard","meta":{"footnotes":""},"categories":[9],"tags":[],"class_list":["post-4531","post","type-post","status-publish","format-standard","has-post-thumbnail","hentry","category-draussen-und-unterwegs"],"_links":{"self":[{"href":"https:\/\/macke.spdns.de\/index.php?rest_route=\/wp\/v2\/posts\/4531","targetHints":{"allow":["GET"]}}],"collection":[{"href":"https:\/\/macke.spdns.de\/index.php?rest_route=\/wp\/v2\/posts"}],"about":[{"href":"https:\/\/macke.spdns.de\/index.php?rest_route=\/wp\/v2\/types\/post"}],"author":[{"embeddable":true,"href":"https:\/\/macke.spdns.de\/index.php?rest_route=\/wp\/v2\/users\/1"}],"replies":[{"embeddable":true,"href":"https:\/\/macke.spdns.de\/index.php?rest_route=%2Fwp%2Fv2%2Fcomments&post=4531"}],"version-history":[{"count":0,"href":"https:\/\/macke.spdns.de\/index.php?rest_route=\/wp\/v2\/posts\/4531\/revisions"}],"wp:featuredmedia":[{"embeddable":true,"href":"https:\/\/macke.spdns.de\/index.php?rest_route=\/wp\/v2\/media\/4526"}],"wp:attachment":[{"href":"https:\/\/macke.spdns.de\/index.php?rest_route=%2Fwp%2Fv2%2Fmedia&parent=4531"}],"wp:term":[{"taxonomy":"category","embeddable":true,"href":"https:\/\/macke.spdns.de\/index.php?rest_route=%2Fwp%2Fv2%2Fcategories&post=4531"},{"taxonomy":"post_tag","embeddable":true,"href":"https:\/\/macke.spdns.de\/index.php?rest_route=%2Fwp%2Fv2%2Ftags&post=4531"}],"curies":[{"name":"wp","href":"https:\/\/api.w.org\/{rel}","templated":true}]}}