{"id":4229,"date":"2022-03-25T17:26:34","date_gmt":"2022-03-25T16:26:34","guid":{"rendered":"https:\/\/macke.spdns.de\/?p=4229"},"modified":"2022-03-28T19:33:21","modified_gmt":"2022-03-28T17:33:21","slug":"wandern-im-muensterland","status":"publish","type":"post","link":"https:\/\/macke.spdns.de\/?p=4229","title":{"rendered":"Wandern im M\u00fcnsterland &#8211; An-und Abreise"},"content":{"rendered":"\n<figure class=\"wp-block-gallery has-nested-images columns-default is-cropped wp-block-gallery-1 is-layout-flex wp-block-gallery-is-layout-flex\"><\/figure>\n\n\n\n<p>Heute findet die erste Tour mit dem &#8217;neuen&#8216; Wohnwagen statt. Erstens muss er ja mal ausprobiert werden und zweitens kann ich so am Besten feststellen was an Ausr\u00fcstung fehlt (Besen und Kehrblech z.B.).<br>Zum Geburtstag habe ich mal den &#8218;Kompass Wanderf\u00fchrer Deutschland&#8216; geschenkt bekommen. Nachdem der mich schon durch das Elbsandsteingebirge gef\u00fchrt hat, will ich jetzt mal den Teil M\u00fcnsterland ausprobieren. Das Wetter ist einfach zu sch\u00f6n, um zuhause zu bleiben. Eigentlich sollte ein Campingplatz ganz in der N\u00e4he von M\u00fcnster werden, damit ich nicht so weit fahren muss. Dort war aber leider kein Platz mehr zu bekommen. So bin ich jetzt in Sassenberg gelandet. Die drei Wanderungen, die ich mir ausgesucht habe, sind von hier aus genauso gut zu machen. Ich stehe jetzt auf dem Campingplatz &#8218;Camp M\u00fcnsterland&#8220; am Feldmarksee.<\/p>\n\n\n\n<figure class=\"wp-block-image size-large\"><img loading=\"lazy\" decoding=\"async\" width=\"1024\" height=\"576\" src=\"https:\/\/macke.spdns.de\/wp-content\/uploads\/2022\/03\/IMG-20220325-WA0000-1024x576.jpeg\" alt=\"\" class=\"wp-image-4230\" srcset=\"https:\/\/macke.spdns.de\/wp-content\/uploads\/2022\/03\/IMG-20220325-WA0000-1024x576.jpeg 1024w, https:\/\/macke.spdns.de\/wp-content\/uploads\/2022\/03\/IMG-20220325-WA0000-300x169.jpeg 300w, https:\/\/macke.spdns.de\/wp-content\/uploads\/2022\/03\/IMG-20220325-WA0000-150x84.jpeg 150w, https:\/\/macke.spdns.de\/wp-content\/uploads\/2022\/03\/IMG-20220325-WA0000-768x432.jpeg 768w, https:\/\/macke.spdns.de\/wp-content\/uploads\/2022\/03\/IMG-20220325-WA0000-1536x864.jpeg 1536w, https:\/\/macke.spdns.de\/wp-content\/uploads\/2022\/03\/IMG-20220325-WA0000-2048x1152.jpeg 2048w, https:\/\/macke.spdns.de\/wp-content\/uploads\/2022\/03\/IMG-20220325-WA0000-816x459.jpeg 816w\" sizes=\"auto, (max-width: 1024px) 100vw, 1024px\" \/><figcaption>Da steht er&#8230;<\/figcaption><\/figure>\n\n\n\n<p>Den See haben Kora und ich heute auch schon mit dem Fahrrad umrundet und den Campingplatz zu Fu\u00df. Typisch M\u00fcnsterland, gro\u00dfe Bauernh\u00f6fe im Karree gebaut und plattes Land. Bei den Wanderungen steht unter Steigungen auch immer &#8218;unbedeutend&#8216; Im See gibt es eine fu\u00dfballplatzgro\u00dfe Insel die fest in der Hand von Kanadag\u00e4nsen ist.<\/p>\n\n\n\n<figure class=\"wp-block-image size-large\"><img loading=\"lazy\" decoding=\"async\" width=\"1024\" height=\"576\" src=\"https:\/\/macke.spdns.de\/wp-content\/uploads\/2022\/03\/20220325_141217-1024x576.jpg\" alt=\"\" class=\"wp-image-4231\" srcset=\"https:\/\/macke.spdns.de\/wp-content\/uploads\/2022\/03\/20220325_141217-1024x576.jpg 1024w, https:\/\/macke.spdns.de\/wp-content\/uploads\/2022\/03\/20220325_141217-300x169.jpg 300w, https:\/\/macke.spdns.de\/wp-content\/uploads\/2022\/03\/20220325_141217-150x84.jpg 150w, https:\/\/macke.spdns.de\/wp-content\/uploads\/2022\/03\/20220325_141217-768x432.jpg 768w, https:\/\/macke.spdns.de\/wp-content\/uploads\/2022\/03\/20220325_141217-1536x864.jpg 1536w, https:\/\/macke.spdns.de\/wp-content\/uploads\/2022\/03\/20220325_141217-2048x1151.jpg 2048w, https:\/\/macke.spdns.de\/wp-content\/uploads\/2022\/03\/20220325_141217-816x459.jpg 816w\" sizes=\"auto, (max-width: 1024px) 100vw, 1024px\" \/><\/figure>\n\n\n\n<figure class=\"wp-block-image size-large\"><img loading=\"lazy\" decoding=\"async\" width=\"1024\" height=\"576\" src=\"https:\/\/macke.spdns.de\/wp-content\/uploads\/2022\/03\/IMG-20220325-WA0002-1024x576.jpeg\" alt=\"\" class=\"wp-image-4232\" srcset=\"https:\/\/macke.spdns.de\/wp-content\/uploads\/2022\/03\/IMG-20220325-WA0002-1024x576.jpeg 1024w, https:\/\/macke.spdns.de\/wp-content\/uploads\/2022\/03\/IMG-20220325-WA0002-300x169.jpeg 300w, https:\/\/macke.spdns.de\/wp-content\/uploads\/2022\/03\/IMG-20220325-WA0002-150x84.jpeg 150w, https:\/\/macke.spdns.de\/wp-content\/uploads\/2022\/03\/IMG-20220325-WA0002-768x432.jpeg 768w, https:\/\/macke.spdns.de\/wp-content\/uploads\/2022\/03\/IMG-20220325-WA0002-1536x864.jpeg 1536w, https:\/\/macke.spdns.de\/wp-content\/uploads\/2022\/03\/IMG-20220325-WA0002-2048x1152.jpeg 2048w, https:\/\/macke.spdns.de\/wp-content\/uploads\/2022\/03\/IMG-20220325-WA0002-816x459.jpeg 816w\" sizes=\"auto, (max-width: 1024px) 100vw, 1024px\" \/><\/figure>\n\n\n\n<p>Kora hat Spa\u00df&#8230;<\/p>\n\n\n\n<figure class=\"wp-block-image size-large\"><img loading=\"lazy\" decoding=\"async\" width=\"1024\" height=\"576\" src=\"https:\/\/macke.spdns.de\/wp-content\/uploads\/2022\/03\/20220325_142132-1024x576.jpg\" alt=\"\" class=\"wp-image-4233\" srcset=\"https:\/\/macke.spdns.de\/wp-content\/uploads\/2022\/03\/20220325_142132-1024x576.jpg 1024w, https:\/\/macke.spdns.de\/wp-content\/uploads\/2022\/03\/20220325_142132-300x169.jpg 300w, https:\/\/macke.spdns.de\/wp-content\/uploads\/2022\/03\/20220325_142132-150x84.jpg 150w, https:\/\/macke.spdns.de\/wp-content\/uploads\/2022\/03\/20220325_142132-768x432.jpg 768w, https:\/\/macke.spdns.de\/wp-content\/uploads\/2022\/03\/20220325_142132-1536x864.jpg 1536w, https:\/\/macke.spdns.de\/wp-content\/uploads\/2022\/03\/20220325_142132-2048x1152.jpg 2048w, https:\/\/macke.spdns.de\/wp-content\/uploads\/2022\/03\/20220325_142132-816x459.jpg 816w\" sizes=\"auto, (max-width: 1024px) 100vw, 1024px\" \/><\/figure>\n\n\n\n<p>Unten gibt es wieder den Track. Leider ist der heute ein wenig durcheinander, was hei\u00dft Autofahrt, Fahrradfahrt und Spaziergang befinden sich in einer Datei. Ich kann ihn aber nicht gro\u00df bearbeiten, weil ich nur 30 Minuten Internetzeit habe. Heute kann ich wegen eines Defekts leider keine Zeit dazukaufen und muss mit den 30 Freiminuten auskommen.<\/p>\n\n\n\n<p>Hier  noch Impressionen vom Abreisetag. Gut dass der Wowa eine Heizung hat. Es ist schon sch\u00f6n, im warmen zu liegen und den Sonnenaufgang zu beobachten, trotz Sommerzeit. <\/p>\n\n\n\n<figure class=\"wp-block-image size-large\"><img loading=\"lazy\" decoding=\"async\" width=\"1024\" height=\"576\" src=\"https:\/\/macke.spdns.de\/wp-content\/uploads\/2022\/03\/2022-03-28-07-33-12-1024x576.jpg\" alt=\"\" class=\"wp-image-4263\" srcset=\"https:\/\/macke.spdns.de\/wp-content\/uploads\/2022\/03\/2022-03-28-07-33-12-1024x576.jpg 1024w, https:\/\/macke.spdns.de\/wp-content\/uploads\/2022\/03\/2022-03-28-07-33-12-300x169.jpg 300w, https:\/\/macke.spdns.de\/wp-content\/uploads\/2022\/03\/2022-03-28-07-33-12-150x84.jpg 150w, https:\/\/macke.spdns.de\/wp-content\/uploads\/2022\/03\/2022-03-28-07-33-12-768x432.jpg 768w, https:\/\/macke.spdns.de\/wp-content\/uploads\/2022\/03\/2022-03-28-07-33-12-1536x864.jpg 1536w, https:\/\/macke.spdns.de\/wp-content\/uploads\/2022\/03\/2022-03-28-07-33-12-2048x1152.jpg 2048w, https:\/\/macke.spdns.de\/wp-content\/uploads\/2022\/03\/2022-03-28-07-33-12-816x459.jpg 816w\" sizes=\"auto, (max-width: 1024px) 100vw, 1024px\" \/><\/figure>\n\n\n\n<p><\/p>\n\n\n\n<div id=\"tsmap_1\"  style=\"width: 100%; height: 480px; max-width: 100%\"><\/div>\n\n\n\n<p><\/p>\n","protected":false},"excerpt":{"rendered":"<p>Heute findet die erste Tour mit dem &#8217;neuen&#8216; Wohnwagen statt. Erstens muss er ja mal ausprobiert werden und zweitens kann ich so am Besten feststellen was an Ausr\u00fcstung fehlt (Besen und Kehrblech z.B.).Zum Geburtstag habe ich mal den &#8218;Kompass Wanderf\u00fchrer Deutschland&#8216; geschenkt bekommen. Nachdem der mich schon durch das Elbsandsteingebirge gef\u00fchrt hat, will ich jetzt [&hellip;]<\/p>\n","protected":false},"author":1,"featured_media":4230,"comment_status":"closed","ping_status":"open","sticky":false,"template":"","format":"gallery","meta":{"footnotes":""},"categories":[9,29],"tags":[],"class_list":["post-4229","post","type-post","status-publish","format-gallery","has-post-thumbnail","hentry","category-draussen-und-unterwegs","category-muensterland","post_format-post-format-gallery"],"_links":{"self":[{"href":"https:\/\/macke.spdns.de\/index.php?rest_route=\/wp\/v2\/posts\/4229","targetHints":{"allow":["GET"]}}],"collection":[{"href":"https:\/\/macke.spdns.de\/index.php?rest_route=\/wp\/v2\/posts"}],"about":[{"href":"https:\/\/macke.spdns.de\/index.php?rest_route=\/wp\/v2\/types\/post"}],"author":[{"embeddable":true,"href":"https:\/\/macke.spdns.de\/index.php?rest_route=\/wp\/v2\/users\/1"}],"replies":[{"embeddable":true,"href":"https:\/\/macke.spdns.de\/index.php?rest_route=%2Fwp%2Fv2%2Fcomments&post=4229"}],"version-history":[{"count":0,"href":"https:\/\/macke.spdns.de\/index.php?rest_route=\/wp\/v2\/posts\/4229\/revisions"}],"wp:featuredmedia":[{"embeddable":true,"href":"https:\/\/macke.spdns.de\/index.php?rest_route=\/wp\/v2\/media\/4230"}],"wp:attachment":[{"href":"https:\/\/macke.spdns.de\/index.php?rest_route=%2Fwp%2Fv2%2Fmedia&parent=4229"}],"wp:term":[{"taxonomy":"category","embeddable":true,"href":"https:\/\/macke.spdns.de\/index.php?rest_route=%2Fwp%2Fv2%2Fcategories&post=4229"},{"taxonomy":"post_tag","embeddable":true,"href":"https:\/\/macke.spdns.de\/index.php?rest_route=%2Fwp%2Fv2%2Ftags&post=4229"}],"curies":[{"name":"wp","href":"https:\/\/api.w.org\/{rel}","templated":true}]}}