{"id":3127,"date":"2020-08-23T15:53:30","date_gmt":"2020-08-23T13:53:30","guid":{"rendered":"https:\/\/macke.spdns.de\/?p=3127"},"modified":"2020-08-23T16:02:00","modified_gmt":"2020-08-23T14:02:00","slug":"vorbei-am-laasenstein-und-koenistein","status":"publish","type":"post","link":"https:\/\/macke.spdns.de\/?p=3127","title":{"rendered":"Vorbei am Laasenstein zur Feste K\u00f6nistein"},"content":{"rendered":"<p>Heute soll es von Rathen \u00fcber Wei\u00dfig und Th\u00fcmsdorf zur Festung K\u00f6nigstein gehen. Start ist der Parkplatz in Rathen. Ich glaube von dort bin ich auch mit Johannes zur Bastei gestartet.<\/p>\n<p>Heute geht es aber in die entgegengesetzte Richtung. Dass es immer mit einer Steigung beginnt bin ich ja schon gewohnt. Das Wetter ist eigentlich perfekt. Teilweise bew\u00f6lkt, teilweise sonnig. So steigen wir zum Rauenstein mit seiner Gastst\u00e4tte auf. Dieses Mal habe ich mein <span class=\"lemma__main\">Porte\u00admon\u00adnaie aber mitgenommen und so gibt es oben dann auch das verdiente Radler.<br \/>\n<\/span><\/p>\n<p><a href=\"https:\/\/macke.spdns.de\/wp-content\/uploads\/2020\/08\/IMG-20200823-WA00071.jpg\"><img loading=\"lazy\" decoding=\"async\" class=\"alignnone size-medium wp-image-3131\" src=\"https:\/\/macke.spdns.de\/wp-content\/uploads\/2020\/08\/IMG-20200823-WA00071-300x169.jpg\" alt=\"\" width=\"300\" height=\"169\" srcset=\"https:\/\/macke.spdns.de\/wp-content\/uploads\/2020\/08\/IMG-20200823-WA00071-300x169.jpg 300w, https:\/\/macke.spdns.de\/wp-content\/uploads\/2020\/08\/IMG-20200823-WA00071-1024x576.jpg 1024w, https:\/\/macke.spdns.de\/wp-content\/uploads\/2020\/08\/IMG-20200823-WA00071-150x84.jpg 150w, https:\/\/macke.spdns.de\/wp-content\/uploads\/2020\/08\/IMG-20200823-WA00071-768x432.jpg 768w, https:\/\/macke.spdns.de\/wp-content\/uploads\/2020\/08\/IMG-20200823-WA00071-1536x864.jpg 1536w, https:\/\/macke.spdns.de\/wp-content\/uploads\/2020\/08\/IMG-20200823-WA00071-816x459.jpg 816w, https:\/\/macke.spdns.de\/wp-content\/uploads\/2020\/08\/IMG-20200823-WA00071.jpg 1600w\" sizes=\"auto, (max-width: 300px) 100vw, 300px\" \/><\/a><\/p>\n<p>Ich verlasse den Rauentein \u00fcber denselben Aufstieg \u00fcber den ich gekommen bin. Fast unten angekommen wende ich mich dann aber nach rechts um Richtung Wei\u00dfig zu gehen. Das \u00d6rtchen Wei\u00dfig m\u00fcsste ich mit Kora durchqueren. Das gelingt mir allerdings nicht, weil Kora sich unter einen Walnussbaum in den Schatten legt und auf keinen Fall mehr weiter bergan gehen will. Vielleicht hat sie einfach keine Lust mehr zum Wandern? Vielleicht sp\u00fcrt Sie das Regen und Gewitter droht (das ist inzwischen auch eingetreten)? Vielleicht will sie aber auch einfach bergab zur Elbe um mal wieder ausgiebig zu schwimmen. Daran, dass ich mich recht schnell \u00fcberzeugen lasse umzukehren merke ich, dass 14 Tage Wandern wohl genug sind. So beschlie\u00dfe ich mit dem Hund an die Elbe zu gehen und morgen den Campingplatz nicht zu verl\u00e4ngern.<\/p>\n<p>An der Elbe angekommen geht es f\u00fcr Kora ersteinmal ins Wasser. Dann ist die Welt da schon wieder in Ordnung. Ich g\u00f6nne mir ein gro\u00dfes Eis und werfe mit Gedult das St\u00f6ckchen immer wieder in die Elbe. Alles Gut &#8211; wir haben Urlaub.<\/p>\n<p><a href=\"https:\/\/macke.spdns.de\/wp-content\/uploads\/2020\/08\/2020-08-23-12-58-20-1.jpg\"><img loading=\"lazy\" decoding=\"async\" class=\"alignnone size-medium wp-image-3132\" src=\"https:\/\/macke.spdns.de\/wp-content\/uploads\/2020\/08\/2020-08-23-12-58-20-1-300x146.jpg\" alt=\"\" width=\"300\" height=\"146\" srcset=\"https:\/\/macke.spdns.de\/wp-content\/uploads\/2020\/08\/2020-08-23-12-58-20-1-300x146.jpg 300w, https:\/\/macke.spdns.de\/wp-content\/uploads\/2020\/08\/2020-08-23-12-58-20-1-1024x498.jpg 1024w, https:\/\/macke.spdns.de\/wp-content\/uploads\/2020\/08\/2020-08-23-12-58-20-1-150x73.jpg 150w, https:\/\/macke.spdns.de\/wp-content\/uploads\/2020\/08\/2020-08-23-12-58-20-1-768x373.jpg 768w, https:\/\/macke.spdns.de\/wp-content\/uploads\/2020\/08\/2020-08-23-12-58-20-1-1536x747.jpg 1536w, https:\/\/macke.spdns.de\/wp-content\/uploads\/2020\/08\/2020-08-23-12-58-20-1-816x397.jpg 816w, https:\/\/macke.spdns.de\/wp-content\/uploads\/2020\/08\/2020-08-23-12-58-20-1.jpg 2016w\" sizes=\"auto, (max-width: 300px) 100vw, 300px\" \/><\/a> <a href=\"https:\/\/macke.spdns.de\/wp-content\/uploads\/2020\/08\/2020-08-23-12-58-27-1.jpg\"><img loading=\"lazy\" decoding=\"async\" class=\"alignnone size-medium wp-image-3133\" src=\"https:\/\/macke.spdns.de\/wp-content\/uploads\/2020\/08\/2020-08-23-12-58-27-1-300x146.jpg\" alt=\"\" width=\"300\" height=\"146\" srcset=\"https:\/\/macke.spdns.de\/wp-content\/uploads\/2020\/08\/2020-08-23-12-58-27-1-300x146.jpg 300w, https:\/\/macke.spdns.de\/wp-content\/uploads\/2020\/08\/2020-08-23-12-58-27-1-1024x498.jpg 1024w, https:\/\/macke.spdns.de\/wp-content\/uploads\/2020\/08\/2020-08-23-12-58-27-1-150x73.jpg 150w, https:\/\/macke.spdns.de\/wp-content\/uploads\/2020\/08\/2020-08-23-12-58-27-1-768x373.jpg 768w, https:\/\/macke.spdns.de\/wp-content\/uploads\/2020\/08\/2020-08-23-12-58-27-1-1536x747.jpg 1536w, https:\/\/macke.spdns.de\/wp-content\/uploads\/2020\/08\/2020-08-23-12-58-27-1-816x397.jpg 816w, https:\/\/macke.spdns.de\/wp-content\/uploads\/2020\/08\/2020-08-23-12-58-27-1.jpg 2016w\" sizes=\"auto, (max-width: 300px) 100vw, 300px\" \/><\/a> <a href=\"https:\/\/macke.spdns.de\/wp-content\/uploads\/2020\/08\/2020-08-23-12-58-33-1.jpg\"><img loading=\"lazy\" decoding=\"async\" class=\"alignnone size-medium wp-image-3134\" src=\"https:\/\/macke.spdns.de\/wp-content\/uploads\/2020\/08\/2020-08-23-12-58-33-1-300x146.jpg\" alt=\"\" width=\"300\" height=\"146\" srcset=\"https:\/\/macke.spdns.de\/wp-content\/uploads\/2020\/08\/2020-08-23-12-58-33-1-300x146.jpg 300w, https:\/\/macke.spdns.de\/wp-content\/uploads\/2020\/08\/2020-08-23-12-58-33-1-1024x498.jpg 1024w, https:\/\/macke.spdns.de\/wp-content\/uploads\/2020\/08\/2020-08-23-12-58-33-1-150x73.jpg 150w, https:\/\/macke.spdns.de\/wp-content\/uploads\/2020\/08\/2020-08-23-12-58-33-1-768x373.jpg 768w, https:\/\/macke.spdns.de\/wp-content\/uploads\/2020\/08\/2020-08-23-12-58-33-1-1536x747.jpg 1536w, https:\/\/macke.spdns.de\/wp-content\/uploads\/2020\/08\/2020-08-23-12-58-33-1-816x397.jpg 816w, https:\/\/macke.spdns.de\/wp-content\/uploads\/2020\/08\/2020-08-23-12-58-33-1.jpg 2016w\" sizes=\"auto, (max-width: 300px) 100vw, 300px\" \/><\/a> <a href=\"https:\/\/macke.spdns.de\/wp-content\/uploads\/2020\/08\/2020-08-23-12-58-34-1.jpg\"><img loading=\"lazy\" decoding=\"async\" class=\"alignnone size-medium wp-image-3135\" src=\"https:\/\/macke.spdns.de\/wp-content\/uploads\/2020\/08\/2020-08-23-12-58-34-1-300x146.jpg\" alt=\"\" width=\"300\" height=\"146\" srcset=\"https:\/\/macke.spdns.de\/wp-content\/uploads\/2020\/08\/2020-08-23-12-58-34-1-300x146.jpg 300w, https:\/\/macke.spdns.de\/wp-content\/uploads\/2020\/08\/2020-08-23-12-58-34-1-1024x498.jpg 1024w, https:\/\/macke.spdns.de\/wp-content\/uploads\/2020\/08\/2020-08-23-12-58-34-1-150x73.jpg 150w, https:\/\/macke.spdns.de\/wp-content\/uploads\/2020\/08\/2020-08-23-12-58-34-1-768x373.jpg 768w, https:\/\/macke.spdns.de\/wp-content\/uploads\/2020\/08\/2020-08-23-12-58-34-1-1536x747.jpg 1536w, https:\/\/macke.spdns.de\/wp-content\/uploads\/2020\/08\/2020-08-23-12-58-34-1-816x397.jpg 816w, https:\/\/macke.spdns.de\/wp-content\/uploads\/2020\/08\/2020-08-23-12-58-34-1.jpg 2016w\" sizes=\"auto, (max-width: 300px) 100vw, 300px\" \/><\/a><\/p>\n<p>&nbsp;<\/p>\n<p>&nbsp;<\/p>\n","protected":false},"excerpt":{"rendered":"<p>Heute soll es von Rathen \u00fcber Wei\u00dfig und Th\u00fcmsdorf zur Festung K\u00f6nigstein gehen. Start ist der Parkplatz in Rathen. Ich glaube von dort bin ich auch mit Johannes zur Bastei gestartet. Heute geht es aber in die entgegengesetzte Richtung. Dass es immer mit einer Steigung beginnt bin ich ja schon gewohnt. Das Wetter ist eigentlich [&hellip;]<\/p>\n","protected":false},"author":1,"featured_media":0,"comment_status":"closed","ping_status":"open","sticky":false,"template":"","format":"gallery","meta":{"footnotes":""},"categories":[9,22],"tags":[],"class_list":["post-3127","post","type-post","status-publish","format-gallery","hentry","category-draussen-und-unterwegs","category-saechsischeschweiz","post_format-post-format-gallery"],"_links":{"self":[{"href":"https:\/\/macke.spdns.de\/index.php?rest_route=\/wp\/v2\/posts\/3127","targetHints":{"allow":["GET"]}}],"collection":[{"href":"https:\/\/macke.spdns.de\/index.php?rest_route=\/wp\/v2\/posts"}],"about":[{"href":"https:\/\/macke.spdns.de\/index.php?rest_route=\/wp\/v2\/types\/post"}],"author":[{"embeddable":true,"href":"https:\/\/macke.spdns.de\/index.php?rest_route=\/wp\/v2\/users\/1"}],"replies":[{"embeddable":true,"href":"https:\/\/macke.spdns.de\/index.php?rest_route=%2Fwp%2Fv2%2Fcomments&post=3127"}],"version-history":[{"count":0,"href":"https:\/\/macke.spdns.de\/index.php?rest_route=\/wp\/v2\/posts\/3127\/revisions"}],"wp:attachment":[{"href":"https:\/\/macke.spdns.de\/index.php?rest_route=%2Fwp%2Fv2%2Fmedia&parent=3127"}],"wp:term":[{"taxonomy":"category","embeddable":true,"href":"https:\/\/macke.spdns.de\/index.php?rest_route=%2Fwp%2Fv2%2Fcategories&post=3127"},{"taxonomy":"post_tag","embeddable":true,"href":"https:\/\/macke.spdns.de\/index.php?rest_route=%2Fwp%2Fv2%2Ftags&post=3127"}],"curies":[{"name":"wp","href":"https:\/\/api.w.org\/{rel}","templated":true}]}}