{"id":3004,"date":"2020-08-15T17:59:39","date_gmt":"2020-08-15T15:59:39","guid":{"rendered":"https:\/\/macke.spdns.de\/?p=3004"},"modified":"2020-08-25T20:26:27","modified_gmt":"2020-08-25T18:26:27","slug":"gohrischstein-und-papststein","status":"publish","type":"post","link":"https:\/\/macke.spdns.de\/?p=3004","title":{"rendered":"Gohrischstein und Papststein"},"content":{"rendered":"\r\n<p>Ich hatte mir von der Wanderung heute gar nicht so viel versprochen musste mich aber eines Besseren belehren lassen.<\/p>\r\n\r\n\r\n\r\n<p>Ich komme heute sp\u00e4t in die G\u00e4nge. Nachts hat es geregnet und das Wetter ist ziemlich tr\u00fcb. So fr\u00fchst\u00fccke ich erstmal in aller Ruhe, r\u00e4ume den Wohnwagen auf und breche so gegen 10 Uhr auf in Richtung K\u00f6nigstein. Vom Parkplatz aus geht es gleich steil aufw\u00e4rts, zun\u00e4chst \u00fcber Treppen und anschlie\u00dfend \u00fcber Trampelpfade.<\/p>\r\n\r\n\r\n\r\n<p>Die &#8222;Sch\u00f6ne Aussicht&#8220; ist dann leider zugewachsen und der Blick auf die Elbe nicht ganz so sch\u00f6n wie erhofft. Vielleicht liegt es auch am Wetter.<\/p>\r\n\r\n\r\n\r\n<figure class=\"wp-block-image size-large\"><img decoding=\"async\" class=\"wp-image-2995\" src=\"https:\/\/macke.spdns.de\/wp-content\/uploads\/2020\/08\/20200815_1033502036331618620609348-scaled.jpg\" alt=\"\" \/><\/figure>\r\n\r\n\r\n\r\n<figure class=\"wp-block-image size-large\"><img decoding=\"async\" class=\"wp-image-2998\" src=\"https:\/\/macke.spdns.de\/wp-content\/uploads\/2020\/08\/20200815_1011504248096747554623672-scaled.jpg\" alt=\"\" \/><\/figure>\r\n\r\n\r\n\r\n<p>Nach der Sch\u00f6nen Aussicht geht es auf weich gepolsterten Waldwegen weiter in Richtung des \u00d6rtchens Gohrisch. Den Ort durchqueren ich am Rand und wende mich dann Richtung S\u00fcden zum Gohrischstein<\/p>\r\n\r\n\r\n\r\n<p>S\u00fcdlich des \u00d6rtchens durchquere ich wieder eine Hochebene. Ich glaube der Name ist auch etwas mit Ebenheit, bin mir aber nicht ganz sicher.<\/p>\r\n\r\n\r\n\r\n<p>Von der S\u00fcdwestseite erklimmen Kora und ich den Gorischstein. Gewarnt von gestern verzichten wir auf den als &#8222;steil&#8220; gekennzeichneten Aufstieg durch die Falkenschlucht. Auch so muss ich den Hund einige Zeit \u00fcber Treppen mit Gitterrosten oder Leitern hinauf tragen.<\/p>\r\n\r\n\r\n\r\n<figure class=\"wp-block-image size-large\"><img decoding=\"async\" class=\"wp-image-3000\" src=\"https:\/\/macke.spdns.de\/wp-content\/uploads\/2020\/08\/20200815_1050195049671037739962114-scaled.jpg\" alt=\"\" \/><\/figure>\r\n\r\n\r\n\r\n<figure class=\"wp-block-image size-large\"><img decoding=\"async\" class=\"wp-image-2990\" src=\"https:\/\/macke.spdns.de\/wp-content\/uploads\/2020\/08\/20200815_1148395629562366363648270-scaled.jpg\" alt=\"\" \/><\/figure>\r\n\r\n\r\n\r\n<figure class=\"wp-block-image size-large\"><img decoding=\"async\" class=\"wp-image-2989\" src=\"https:\/\/macke.spdns.de\/wp-content\/uploads\/2020\/08\/20200815_1206397456853573151465274-scaled.jpg\" alt=\"\" \/><\/figure>\r\n\r\n\r\n\r\n<figure class=\"wp-block-image size-large\"><img decoding=\"async\" class=\"wp-image-2992\" src=\"https:\/\/macke.spdns.de\/wp-content\/uploads\/2020\/08\/20200815_1206484778862118095994020-scaled.jpg\" alt=\"\" \/><\/figure>\r\n\r\n\r\n\r\n<figure class=\"wp-block-image size-large\"><img decoding=\"async\" class=\"wp-image-2996\" src=\"https:\/\/macke.spdns.de\/wp-content\/uploads\/2020\/08\/20200815_1211047740371488945472065-scaled.jpg\" alt=\"\" \/><\/figure>\r\n\r\n\r\n\r\n<figure class=\"wp-block-image size-large\"><img decoding=\"async\" class=\"wp-image-2993\" src=\"https:\/\/macke.spdns.de\/wp-content\/uploads\/2020\/08\/20200815_1211122539026242810179574-scaled.jpg\" alt=\"\" \/><\/figure>\r\n\r\n\r\n\r\n<p>Ich kann dann von oben von verschiedenen Aussichtspunkten in das gesamte Elbetal sehen. Das Wetter und damit die Sicht bessert sich auch allm\u00e4hlich. Den Abstieg machen wir \u00fcber die S\u00fcdseite, wieder mit Hilfe von Sandsteinstufen, Treppen und Leitern.<\/p>\r\n\r\n\r\n\r\n<figure class=\"wp-block-image size-large\"><img decoding=\"async\" class=\"wp-image-3001\" src=\"https:\/\/macke.spdns.de\/wp-content\/uploads\/2020\/08\/20200815_1221201760563591415182795-scaled.jpg\" alt=\"\" \/><\/figure>\r\n\r\n\r\n\r\n<figure class=\"wp-block-image size-large\"><img decoding=\"async\" class=\"wp-image-2999\" src=\"https:\/\/macke.spdns.de\/wp-content\/uploads\/2020\/08\/20200815_122124_0026913211575521161804-scaled.jpg\" alt=\"\" \/><\/figure>\r\n\r\n\r\n\r\n<p>Kurze Zeit sp\u00e4ter erreichen wir eine Stra\u00dfe und einen Parkplatz und der Aufstieg zum Papststein beginnt.<\/p>\r\n\r\n\r\n\r\n<p>Hier geht es gleich mit Treppen los und es bleibt steil bis nach oben. \u00dcber einige Leitern, Treppen und Roste muss ich den Hund wieder tragen.<\/p>\r\n\r\n\r\n\r\n<figure class=\"wp-block-image size-large\"><img decoding=\"async\" class=\"wp-image-2994\" src=\"https:\/\/macke.spdns.de\/wp-content\/uploads\/2020\/08\/20200815_1308112653898424426161301-scaled.jpg\" alt=\"\" \/><\/figure>\r\n\r\n\r\n\r\n<figure class=\"wp-block-image size-large\"><img decoding=\"async\" class=\"wp-image-2991\" src=\"https:\/\/macke.spdns.de\/wp-content\/uploads\/2020\/08\/20200815_1308215742042033648480818-scaled.jpg\" alt=\"\" \/><\/figure>\r\n\r\n\r\n\r\n<figure class=\"wp-block-image size-large\"><img decoding=\"async\" class=\"wp-image-2988\" src=\"https:\/\/macke.spdns.de\/wp-content\/uploads\/2020\/08\/20200815_1322458715610310583118335-scaled.jpg\" alt=\"\" \/><\/figure>\r\n\r\n\r\n\r\n<figure class=\"wp-block-image size-large\"><img decoding=\"async\" class=\"wp-image-2997\" src=\"https:\/\/macke.spdns.de\/wp-content\/uploads\/2020\/08\/20200815_1322411602658972016496482-scaled.jpg\" alt=\"\" \/><\/figure>\r\n\r\n\r\n\r\n<p>Aber auch hier entsch\u00e4digt der Ausblick in das Elbetal f\u00fcr die Anstrengung. Gerne h\u00e4tte ich in der Gastst\u00e4tte dort oben auch gegessen, aber leider waren alle Tische belegt. Wegen Corona mag man sich ja auch nicht irgendwo dazusetzen.<\/p>\r\n\r\n\r\n\r\n<p>Auch auf dem Absieg gibt es viele sehenswerte Aus- und Einblicke.<\/p>\r\n\r\n\r\n\r\n<figure class=\"wp-block-image size-large\"><img decoding=\"async\" class=\"wp-image-3003\" src=\"https:\/\/macke.spdns.de\/wp-content\/uploads\/2020\/08\/20200815_1335167944289360135611920-scaled.jpg\" alt=\"\" \/><\/figure>\r\n\r\n\r\n\r\n<figure class=\"wp-block-image size-large\"><img decoding=\"async\" class=\"wp-image-3002\" src=\"https:\/\/macke.spdns.de\/wp-content\/uploads\/2020\/08\/20200815_133341767863924344129378-scaled.jpg\" alt=\"\" \/><\/figure>\r\n\r\n\r\n\r\n<p>An Papstdorf und Kleinhennersdorf vorbei gehen wir nach Krippen. Ich freue mich sehr \u00fcber den sanft abfallenden Weg an dem Bach Liethe entlang. Bei Krippen &#8222;m\u00fcssen&#8220; wir dann aber unbedingt noch zwei lokale Sehensw\u00fcrdigkeiten ansehen und deshalb geht es noch mal den Hang hinauf zum Kellerfelsen und zum August Berthels Denkmal. Wer immer die beiden waren, ihre Denkm\u00e4ler habe ich jedenfalls gesehen.<\/p>\r\n\r\n\r\n\r\n<p>Am Schluss geht es sehr steil in den Ort Krippen hinunter und dann \u00fcber etwa 300 m Stra\u00dfe zum Bahnhof. Auf den Zug brauchen wir nur 20 Minuten warten und sind dann schnell wieder beim Wohnwagen.<\/p>\r\n\r\n\r\n\r\n<div id=\"tsmap_1\"  style=\"width: 100%; height: 480px; max-width: 100%\"><\/div>\r\n","protected":false},"excerpt":{"rendered":"<p>Ich hatte mir von der Wanderung heute gar nicht so viel versprochen musste mich aber eines Besseren belehren lassen. Ich komme heute sp\u00e4t in die G\u00e4nge. Nachts hat es geregnet und das Wetter ist ziemlich tr\u00fcb. So fr\u00fchst\u00fccke ich erstmal in aller Ruhe, r\u00e4ume den Wohnwagen auf und breche so gegen 10 Uhr auf in [&hellip;]<\/p>\n","protected":false},"author":1,"featured_media":0,"comment_status":"closed","ping_status":"open","sticky":false,"template":"","format":"gallery","meta":{"footnotes":""},"categories":[9,22],"tags":[],"class_list":["post-3004","post","type-post","status-publish","format-gallery","hentry","category-draussen-und-unterwegs","category-saechsischeschweiz","post_format-post-format-gallery"],"_links":{"self":[{"href":"https:\/\/macke.spdns.de\/index.php?rest_route=\/wp\/v2\/posts\/3004","targetHints":{"allow":["GET"]}}],"collection":[{"href":"https:\/\/macke.spdns.de\/index.php?rest_route=\/wp\/v2\/posts"}],"about":[{"href":"https:\/\/macke.spdns.de\/index.php?rest_route=\/wp\/v2\/types\/post"}],"author":[{"embeddable":true,"href":"https:\/\/macke.spdns.de\/index.php?rest_route=\/wp\/v2\/users\/1"}],"replies":[{"embeddable":true,"href":"https:\/\/macke.spdns.de\/index.php?rest_route=%2Fwp%2Fv2%2Fcomments&post=3004"}],"version-history":[{"count":0,"href":"https:\/\/macke.spdns.de\/index.php?rest_route=\/wp\/v2\/posts\/3004\/revisions"}],"wp:attachment":[{"href":"https:\/\/macke.spdns.de\/index.php?rest_route=%2Fwp%2Fv2%2Fmedia&parent=3004"}],"wp:term":[{"taxonomy":"category","embeddable":true,"href":"https:\/\/macke.spdns.de\/index.php?rest_route=%2Fwp%2Fv2%2Fcategories&post=3004"},{"taxonomy":"post_tag","embeddable":true,"href":"https:\/\/macke.spdns.de\/index.php?rest_route=%2Fwp%2Fv2%2Ftags&post=3004"}],"curies":[{"name":"wp","href":"https:\/\/api.w.org\/{rel}","templated":true}]}}