{"id":2819,"date":"2020-06-20T16:49:50","date_gmt":"2020-06-20T14:49:50","guid":{"rendered":"https:\/\/macke.spdns.de\/?p=2819"},"modified":"2020-06-23T09:19:30","modified_gmt":"2020-06-23T07:19:30","slug":"rund-um-den-burgberg-getan","status":"publish","type":"post","link":"https:\/\/macke.spdns.de\/?p=2819","title":{"rendered":"Rund um den Burgberg (&#8230;getan)"},"content":{"rendered":"<p>Wie im letzten Beitrag beschrieben, gehe ich heute mit Kora rund um den Burgberg und damit auch um die Burg Everstein. Wir parken auf dem Wanderparkplatz Schullenhufe an der B 64. Von dort geht es zun\u00e4chst durch Wald und steil bergan an der Ostseite der Burg vorbei. Am Waldrand biegen wir links ab und haben jetzt sehr sch\u00f6ne Blicke nach Norden \u00fcber das Tal.<\/p>\n<p><a href=\"https:\/\/macke.spdns.de\/wp-content\/uploads\/2020\/06\/20200620_1220051-scaled.jpg\"><img loading=\"lazy\" decoding=\"async\" class=\"alignnone size-medium wp-image-2820\" src=\"https:\/\/macke.spdns.de\/wp-content\/uploads\/2020\/06\/20200620_1220051-300x146.jpg\" alt=\"\" width=\"300\" height=\"146\" srcset=\"https:\/\/macke.spdns.de\/wp-content\/uploads\/2020\/06\/20200620_1220051-300x146.jpg 300w, https:\/\/macke.spdns.de\/wp-content\/uploads\/2020\/06\/20200620_1220051-1024x498.jpg 1024w, https:\/\/macke.spdns.de\/wp-content\/uploads\/2020\/06\/20200620_1220051-150x73.jpg 150w, https:\/\/macke.spdns.de\/wp-content\/uploads\/2020\/06\/20200620_1220051-768x373.jpg 768w, https:\/\/macke.spdns.de\/wp-content\/uploads\/2020\/06\/20200620_1220051-1536x747.jpg 1536w, https:\/\/macke.spdns.de\/wp-content\/uploads\/2020\/06\/20200620_1220051-2048x996.jpg 2048w, https:\/\/macke.spdns.de\/wp-content\/uploads\/2020\/06\/20200620_1220051-816x397.jpg 816w\" sizes=\"auto, (max-width: 300px) 100vw, 300px\" \/><\/a> <a href=\"https:\/\/macke.spdns.de\/wp-content\/uploads\/2020\/06\/20200620_1224281-scaled.jpg\"><img loading=\"lazy\" decoding=\"async\" class=\"alignnone size-medium wp-image-2821\" src=\"https:\/\/macke.spdns.de\/wp-content\/uploads\/2020\/06\/20200620_1224281-300x146.jpg\" alt=\"\" width=\"300\" height=\"146\" srcset=\"https:\/\/macke.spdns.de\/wp-content\/uploads\/2020\/06\/20200620_1224281-300x146.jpg 300w, https:\/\/macke.spdns.de\/wp-content\/uploads\/2020\/06\/20200620_1224281-1024x498.jpg 1024w, https:\/\/macke.spdns.de\/wp-content\/uploads\/2020\/06\/20200620_1224281-150x73.jpg 150w, https:\/\/macke.spdns.de\/wp-content\/uploads\/2020\/06\/20200620_1224281-768x373.jpg 768w, https:\/\/macke.spdns.de\/wp-content\/uploads\/2020\/06\/20200620_1224281-1536x747.jpg 1536w, https:\/\/macke.spdns.de\/wp-content\/uploads\/2020\/06\/20200620_1224281-2048x996.jpg 2048w, https:\/\/macke.spdns.de\/wp-content\/uploads\/2020\/06\/20200620_1224281-816x397.jpg 816w\" sizes=\"auto, (max-width: 300px) 100vw, 300px\" \/><\/a><\/p>\n<p>Nach einem weiteren Anstieg biegen wir nochmals links ab um die Reste der Burg Everstein anzusehen. Auf der Schautafel steht, dass noch Mauerreste und Reste des Turmfundamentes zu erkennen sein sollen. Na ja, mit viel Fantasie &#8230;..<\/p>\n<p>Wir umrunden die Burg trotzdem und erklimmen sogar den h\u00f6chsten Punkt hier, der heute von einem Mobilfunkmasten gekr\u00f6nt wird.<\/p>\n<p><a href=\"https:\/\/macke.spdns.de\/wp-content\/uploads\/2020\/06\/20200620_1239511-scaled.jpg\"><img loading=\"lazy\" decoding=\"async\" class=\"alignnone size-medium wp-image-2822\" src=\"https:\/\/macke.spdns.de\/wp-content\/uploads\/2020\/06\/20200620_1239511-300x146.jpg\" alt=\"\" width=\"300\" height=\"146\" srcset=\"https:\/\/macke.spdns.de\/wp-content\/uploads\/2020\/06\/20200620_1239511-300x146.jpg 300w, https:\/\/macke.spdns.de\/wp-content\/uploads\/2020\/06\/20200620_1239511-1024x498.jpg 1024w, https:\/\/macke.spdns.de\/wp-content\/uploads\/2020\/06\/20200620_1239511-150x73.jpg 150w, https:\/\/macke.spdns.de\/wp-content\/uploads\/2020\/06\/20200620_1239511-768x373.jpg 768w, https:\/\/macke.spdns.de\/wp-content\/uploads\/2020\/06\/20200620_1239511-1536x747.jpg 1536w, https:\/\/macke.spdns.de\/wp-content\/uploads\/2020\/06\/20200620_1239511-2048x996.jpg 2048w, https:\/\/macke.spdns.de\/wp-content\/uploads\/2020\/06\/20200620_1239511-816x397.jpg 816w\" sizes=\"auto, (max-width: 300px) 100vw, 300px\" \/><\/a><\/p>\n<p>Wir m\u00fcssen von hier aus etwa sechshundert Meter Richtung Westen gehen um einen Abstecher zu den Orchideenwiesen zu machen. Obwohl bei Wikipedia stand, dass die Bl\u00fctezeit Mai bis Juni ist, haben die Blumen sich nicht daran gehalten. Vermutlich auf Grund des warmen Fr\u00fchjahrs sind alle Frauenschuhe schon verbl\u00fcht und man sieht nur noch vereinzelt eingetrocknete Bl\u00fctenbl\u00e4tter. Macht ja nichts, weil es ziemlich nah ist, kann ich ja im Mai nochmal wiederkommen. Zur\u00fcck auf dem Kamm halten wir uns rechts und passieren nach einiger Zeit den Turm der 28. Station der Preu\u00dfischen Optischen Telegraphenlinie von Berlin nach Koblenz. Die Nachbart\u00fcrme stehen (standen?) in Heinade und B\u00f6dexen.<\/p>\n<p><a href=\"https:\/\/macke.spdns.de\/wp-content\/uploads\/2020\/06\/20200620_1337381-scaled.jpg\"><img loading=\"lazy\" decoding=\"async\" class=\"alignnone size-medium wp-image-2823\" src=\"https:\/\/macke.spdns.de\/wp-content\/uploads\/2020\/06\/20200620_1337381-300x146.jpg\" alt=\"\" width=\"300\" height=\"146\" srcset=\"https:\/\/macke.spdns.de\/wp-content\/uploads\/2020\/06\/20200620_1337381-300x146.jpg 300w, https:\/\/macke.spdns.de\/wp-content\/uploads\/2020\/06\/20200620_1337381-1024x498.jpg 1024w, https:\/\/macke.spdns.de\/wp-content\/uploads\/2020\/06\/20200620_1337381-150x73.jpg 150w, https:\/\/macke.spdns.de\/wp-content\/uploads\/2020\/06\/20200620_1337381-768x373.jpg 768w, https:\/\/macke.spdns.de\/wp-content\/uploads\/2020\/06\/20200620_1337381-1536x747.jpg 1536w, https:\/\/macke.spdns.de\/wp-content\/uploads\/2020\/06\/20200620_1337381-2048x996.jpg 2048w, https:\/\/macke.spdns.de\/wp-content\/uploads\/2020\/06\/20200620_1337381-816x397.jpg 816w\" sizes=\"auto, (max-width: 300px) 100vw, 300px\" \/><\/a> <a href=\"https:\/\/macke.spdns.de\/wp-content\/uploads\/2020\/06\/20200620_1337351-scaled.jpg\"><img loading=\"lazy\" decoding=\"async\" class=\"alignnone size-medium wp-image-2824\" src=\"https:\/\/macke.spdns.de\/wp-content\/uploads\/2020\/06\/20200620_1337351-300x146.jpg\" alt=\"\" width=\"300\" height=\"146\" srcset=\"https:\/\/macke.spdns.de\/wp-content\/uploads\/2020\/06\/20200620_1337351-300x146.jpg 300w, https:\/\/macke.spdns.de\/wp-content\/uploads\/2020\/06\/20200620_1337351-1024x498.jpg 1024w, https:\/\/macke.spdns.de\/wp-content\/uploads\/2020\/06\/20200620_1337351-150x73.jpg 150w, https:\/\/macke.spdns.de\/wp-content\/uploads\/2020\/06\/20200620_1337351-768x373.jpg 768w, https:\/\/macke.spdns.de\/wp-content\/uploads\/2020\/06\/20200620_1337351-1536x747.jpg 1536w, https:\/\/macke.spdns.de\/wp-content\/uploads\/2020\/06\/20200620_1337351-2048x996.jpg 2048w, https:\/\/macke.spdns.de\/wp-content\/uploads\/2020\/06\/20200620_1337351-816x397.jpg 816w\" sizes=\"auto, (max-width: 300px) 100vw, 300px\" \/><\/a><\/p>\n<p>Kurze Zeit sp\u00e4ter halten wir uns links, um oberhalb des Naturschutzgebietes &#8222;S\u00fcdliche Burgbergh\u00e4nge&#8220; entlang zu gehen. Anscheinend werden hier Esel zur Pflege des Naturschutzgebietes eingesetzt. In einem mit einem Elektrozaun eingez\u00e4unten Gebiet weiden mindestens f\u00fcnf von Ihnen. Ich glaube das sind auch alles verschiedene Sorten. Einige sind grau andere braun, einer hat lange Haare, die anderen eher kurze.<\/p>\n<p><a href=\"https:\/\/macke.spdns.de\/wp-content\/uploads\/2020\/06\/IMG_6617-scaled.jpg\"><img loading=\"lazy\" decoding=\"async\" class=\"alignnone size-medium wp-image-2825\" src=\"https:\/\/macke.spdns.de\/wp-content\/uploads\/2020\/06\/IMG_6617-300x225.jpg\" alt=\"\" width=\"300\" height=\"225\" srcset=\"https:\/\/macke.spdns.de\/wp-content\/uploads\/2020\/06\/IMG_6617-300x225.jpg 300w, https:\/\/macke.spdns.de\/wp-content\/uploads\/2020\/06\/IMG_6617-1024x768.jpg 1024w, https:\/\/macke.spdns.de\/wp-content\/uploads\/2020\/06\/IMG_6617-150x113.jpg 150w, https:\/\/macke.spdns.de\/wp-content\/uploads\/2020\/06\/IMG_6617-768x576.jpg 768w, https:\/\/macke.spdns.de\/wp-content\/uploads\/2020\/06\/IMG_6617-1536x1152.jpg 1536w, https:\/\/macke.spdns.de\/wp-content\/uploads\/2020\/06\/IMG_6617-2048x1536.jpg 2048w, https:\/\/macke.spdns.de\/wp-content\/uploads\/2020\/06\/IMG_6617-816x612.jpg 816w\" sizes=\"auto, (max-width: 300px) 100vw, 300px\" \/><\/a> <a href=\"https:\/\/macke.spdns.de\/wp-content\/uploads\/2020\/06\/IMG_6618-scaled.jpg\"><img loading=\"lazy\" decoding=\"async\" class=\"alignnone size-medium wp-image-2826\" src=\"https:\/\/macke.spdns.de\/wp-content\/uploads\/2020\/06\/IMG_6618-300x225.jpg\" alt=\"\" width=\"300\" height=\"225\" srcset=\"https:\/\/macke.spdns.de\/wp-content\/uploads\/2020\/06\/IMG_6618-300x225.jpg 300w, https:\/\/macke.spdns.de\/wp-content\/uploads\/2020\/06\/IMG_6618-1024x768.jpg 1024w, https:\/\/macke.spdns.de\/wp-content\/uploads\/2020\/06\/IMG_6618-150x113.jpg 150w, https:\/\/macke.spdns.de\/wp-content\/uploads\/2020\/06\/IMG_6618-768x576.jpg 768w, https:\/\/macke.spdns.de\/wp-content\/uploads\/2020\/06\/IMG_6618-1536x1152.jpg 1536w, https:\/\/macke.spdns.de\/wp-content\/uploads\/2020\/06\/IMG_6618-2048x1536.jpg 2048w, https:\/\/macke.spdns.de\/wp-content\/uploads\/2020\/06\/IMG_6618-816x612.jpg 816w\" sizes=\"auto, (max-width: 300px) 100vw, 300px\" \/><\/a> <a href=\"https:\/\/macke.spdns.de\/wp-content\/uploads\/2020\/06\/IMG_6619-scaled.jpg\"><img loading=\"lazy\" decoding=\"async\" class=\"alignnone size-medium wp-image-2827\" src=\"https:\/\/macke.spdns.de\/wp-content\/uploads\/2020\/06\/IMG_6619-300x225.jpg\" alt=\"\" width=\"300\" height=\"225\" srcset=\"https:\/\/macke.spdns.de\/wp-content\/uploads\/2020\/06\/IMG_6619-300x225.jpg 300w, https:\/\/macke.spdns.de\/wp-content\/uploads\/2020\/06\/IMG_6619-1024x768.jpg 1024w, https:\/\/macke.spdns.de\/wp-content\/uploads\/2020\/06\/IMG_6619-150x113.jpg 150w, https:\/\/macke.spdns.de\/wp-content\/uploads\/2020\/06\/IMG_6619-768x576.jpg 768w, https:\/\/macke.spdns.de\/wp-content\/uploads\/2020\/06\/IMG_6619-1536x1152.jpg 1536w, https:\/\/macke.spdns.de\/wp-content\/uploads\/2020\/06\/IMG_6619-2048x1536.jpg 2048w, https:\/\/macke.spdns.de\/wp-content\/uploads\/2020\/06\/IMG_6619-816x612.jpg 816w\" sizes=\"auto, (max-width: 300px) 100vw, 300px\" \/><\/a><\/p>\n<p>F\u00fcr die Esel scheinen wir auch eine willkommene Abwechslung zu sein. Jedenfalls kommen sie schnell n\u00e4her, was Kora zuerst zum Bellen und dann zur Flucht veranlasst.<\/p>\n<p>Ich hatte gehofft von dieser Seite einige sch\u00f6ne Blicke \u00fcber das Beverbachtal zu haben. Leider stehen die B\u00e4ume aber zu dicht und das Laub versperrt mir die Sicht. Nur ganz vereinzelt kann ich zwischen den St\u00e4mmen hindurch einen Blick erhaschen.<\/p>\n<p><a href=\"https:\/\/macke.spdns.de\/wp-content\/uploads\/2020\/06\/IMG_6623-scaled.jpg\"><img loading=\"lazy\" decoding=\"async\" class=\"alignnone size-medium wp-image-2828\" src=\"https:\/\/macke.spdns.de\/wp-content\/uploads\/2020\/06\/IMG_6623-300x225.jpg\" alt=\"\" width=\"300\" height=\"225\" srcset=\"https:\/\/macke.spdns.de\/wp-content\/uploads\/2020\/06\/IMG_6623-300x225.jpg 300w, https:\/\/macke.spdns.de\/wp-content\/uploads\/2020\/06\/IMG_6623-1024x768.jpg 1024w, https:\/\/macke.spdns.de\/wp-content\/uploads\/2020\/06\/IMG_6623-150x113.jpg 150w, https:\/\/macke.spdns.de\/wp-content\/uploads\/2020\/06\/IMG_6623-768x576.jpg 768w, https:\/\/macke.spdns.de\/wp-content\/uploads\/2020\/06\/IMG_6623-1536x1152.jpg 1536w, https:\/\/macke.spdns.de\/wp-content\/uploads\/2020\/06\/IMG_6623-2048x1536.jpg 2048w, https:\/\/macke.spdns.de\/wp-content\/uploads\/2020\/06\/IMG_6623-816x612.jpg 816w\" sizes=\"auto, (max-width: 300px) 100vw, 300px\" \/><\/a> <a href=\"https:\/\/macke.spdns.de\/wp-content\/uploads\/2020\/06\/IMG_6624-scaled.jpg\"><img loading=\"lazy\" decoding=\"async\" class=\"alignnone size-medium wp-image-2829\" src=\"https:\/\/macke.spdns.de\/wp-content\/uploads\/2020\/06\/IMG_6624-300x225.jpg\" alt=\"\" width=\"300\" height=\"225\" srcset=\"https:\/\/macke.spdns.de\/wp-content\/uploads\/2020\/06\/IMG_6624-300x225.jpg 300w, https:\/\/macke.spdns.de\/wp-content\/uploads\/2020\/06\/IMG_6624-1024x768.jpg 1024w, https:\/\/macke.spdns.de\/wp-content\/uploads\/2020\/06\/IMG_6624-150x113.jpg 150w, https:\/\/macke.spdns.de\/wp-content\/uploads\/2020\/06\/IMG_6624-768x576.jpg 768w, https:\/\/macke.spdns.de\/wp-content\/uploads\/2020\/06\/IMG_6624-1536x1152.jpg 1536w, https:\/\/macke.spdns.de\/wp-content\/uploads\/2020\/06\/IMG_6624-2048x1536.jpg 2048w, https:\/\/macke.spdns.de\/wp-content\/uploads\/2020\/06\/IMG_6624-816x612.jpg 816w\" sizes=\"auto, (max-width: 300px) 100vw, 300px\" \/><\/a><\/p>\n<p>Wir opfern H\u00f6henmeter um H\u00f6henmeter um den Burgberg fast an seiner westlichsten Spitze zu umrunden. Dann geht es an den n\u00f6rdlichen H\u00e4ngen wieder Richtung Osten.<\/p>\n<p><a href=\"https:\/\/macke.spdns.de\/wp-content\/uploads\/2020\/06\/20200620_1541201-scaled.jpg\"><img loading=\"lazy\" decoding=\"async\" class=\"alignnone size-medium wp-image-2830\" src=\"https:\/\/macke.spdns.de\/wp-content\/uploads\/2020\/06\/20200620_1541201-300x146.jpg\" alt=\"\" width=\"300\" height=\"146\" srcset=\"https:\/\/macke.spdns.de\/wp-content\/uploads\/2020\/06\/20200620_1541201-300x146.jpg 300w, https:\/\/macke.spdns.de\/wp-content\/uploads\/2020\/06\/20200620_1541201-1024x498.jpg 1024w, https:\/\/macke.spdns.de\/wp-content\/uploads\/2020\/06\/20200620_1541201-150x73.jpg 150w, https:\/\/macke.spdns.de\/wp-content\/uploads\/2020\/06\/20200620_1541201-768x373.jpg 768w, https:\/\/macke.spdns.de\/wp-content\/uploads\/2020\/06\/20200620_1541201-1536x747.jpg 1536w, https:\/\/macke.spdns.de\/wp-content\/uploads\/2020\/06\/20200620_1541201-2048x996.jpg 2048w, https:\/\/macke.spdns.de\/wp-content\/uploads\/2020\/06\/20200620_1541201-816x397.jpg 816w\" sizes=\"auto, (max-width: 300px) 100vw, 300px\" \/><\/a> <a href=\"https:\/\/macke.spdns.de\/wp-content\/uploads\/2020\/06\/20200620_1543041-scaled.jpg\"><img loading=\"lazy\" decoding=\"async\" class=\"alignnone size-medium wp-image-2831\" src=\"https:\/\/macke.spdns.de\/wp-content\/uploads\/2020\/06\/20200620_1543041-300x146.jpg\" alt=\"\" width=\"300\" height=\"146\" srcset=\"https:\/\/macke.spdns.de\/wp-content\/uploads\/2020\/06\/20200620_1543041-300x146.jpg 300w, https:\/\/macke.spdns.de\/wp-content\/uploads\/2020\/06\/20200620_1543041-1024x498.jpg 1024w, https:\/\/macke.spdns.de\/wp-content\/uploads\/2020\/06\/20200620_1543041-150x73.jpg 150w, https:\/\/macke.spdns.de\/wp-content\/uploads\/2020\/06\/20200620_1543041-768x373.jpg 768w, https:\/\/macke.spdns.de\/wp-content\/uploads\/2020\/06\/20200620_1543041-1536x747.jpg 1536w, https:\/\/macke.spdns.de\/wp-content\/uploads\/2020\/06\/20200620_1543041-2048x996.jpg 2048w, https:\/\/macke.spdns.de\/wp-content\/uploads\/2020\/06\/20200620_1543041-816x397.jpg 816w\" sizes=\"auto, (max-width: 300px) 100vw, 300px\" \/><\/a><\/p>\n<p>Hier gibt es h\u00e4ufiger freie Sicht nach Forst und Richtung L\u00fctgenade. Da wir wieder \u00fcber den Bergr\u00fccken m\u00fcssen, m\u00fcssen wir wieder bergan, passieren noch einmal die Orchideenwiese von der anderen Seite kommend und steigen dann vor der Telegraphenstation wieder Richtung Parkplatz ab. Nach etwa 13,5 km sind wir wieder an unseren Ausgangspunkt zur\u00fcckgekehrt.<\/p>\n[tsmap\u00a0 track=771]\n<p>Den H\u00f6henverlauf habe ich auch noch:<\/p>\n<p><a href=\"https:\/\/macke.spdns.de\/wp-content\/uploads\/2020\/06\/burgberg-1.jpg\"><img loading=\"lazy\" decoding=\"async\" class=\"alignnone  wp-image-2868\" src=\"https:\/\/macke.spdns.de\/wp-content\/uploads\/2020\/06\/burgberg-1-300x180.jpg\" alt=\"\" width=\"430\" height=\"258\" srcset=\"https:\/\/macke.spdns.de\/wp-content\/uploads\/2020\/06\/burgberg-1-300x180.jpg 300w, https:\/\/macke.spdns.de\/wp-content\/uploads\/2020\/06\/burgberg-1-150x90.jpg 150w, https:\/\/macke.spdns.de\/wp-content\/uploads\/2020\/06\/burgberg-1.jpg 640w\" sizes=\"auto, (max-width: 430px) 100vw, 430px\" \/><\/a><\/p>\n<p>&nbsp;<\/p>\n<p>&nbsp;<\/p>\n","protected":false},"excerpt":{"rendered":"<p>Wie im letzten Beitrag beschrieben, gehe ich heute mit Kora rund um den Burgberg und damit auch um die Burg Everstein. Wir parken auf dem Wanderparkplatz Schullenhufe an der B 64. Von dort geht es zun\u00e4chst durch Wald und steil bergan an der Ostseite der Burg vorbei. Am Waldrand biegen wir links ab und haben [&hellip;]<\/p>\n","protected":false},"author":1,"featured_media":0,"comment_status":"closed","ping_status":"open","sticky":false,"template":"","format":"gallery","meta":{"footnotes":""},"categories":[9],"tags":[],"class_list":["post-2819","post","type-post","status-publish","format-gallery","hentry","category-draussen-und-unterwegs","post_format-post-format-gallery"],"_links":{"self":[{"href":"https:\/\/macke.spdns.de\/index.php?rest_route=\/wp\/v2\/posts\/2819","targetHints":{"allow":["GET"]}}],"collection":[{"href":"https:\/\/macke.spdns.de\/index.php?rest_route=\/wp\/v2\/posts"}],"about":[{"href":"https:\/\/macke.spdns.de\/index.php?rest_route=\/wp\/v2\/types\/post"}],"author":[{"embeddable":true,"href":"https:\/\/macke.spdns.de\/index.php?rest_route=\/wp\/v2\/users\/1"}],"replies":[{"embeddable":true,"href":"https:\/\/macke.spdns.de\/index.php?rest_route=%2Fwp%2Fv2%2Fcomments&post=2819"}],"version-history":[{"count":0,"href":"https:\/\/macke.spdns.de\/index.php?rest_route=\/wp\/v2\/posts\/2819\/revisions"}],"wp:attachment":[{"href":"https:\/\/macke.spdns.de\/index.php?rest_route=%2Fwp%2Fv2%2Fmedia&parent=2819"}],"wp:term":[{"taxonomy":"category","embeddable":true,"href":"https:\/\/macke.spdns.de\/index.php?rest_route=%2Fwp%2Fv2%2Fcategories&post=2819"},{"taxonomy":"post_tag","embeddable":true,"href":"https:\/\/macke.spdns.de\/index.php?rest_route=%2Fwp%2Fv2%2Ftags&post=2819"}],"curies":[{"name":"wp","href":"https:\/\/api.w.org\/{rel}","templated":true}]}}