{"id":2796,"date":"2020-06-19T17:57:23","date_gmt":"2020-06-19T15:57:23","guid":{"rendered":"https:\/\/macke.spdns.de\/?p=2796"},"modified":"2020-07-11T22:29:38","modified_gmt":"2020-07-11T20:29:38","slug":"rund-um-den-grossen-everstein","status":"publish","type":"post","link":"https:\/\/macke.spdns.de\/?p=2796","title":{"rendered":"Rund um den Burgberg (gesagt&#8230;)"},"content":{"rendered":"<p>Gerne gehe ich mit Kora oberhalb von Bevern wandern, weil ich von dort aus einen sch\u00f6nen Blick \u00fcber das Wesertal habe. Heute war ich wieder dort.<\/p>\n<p>Vom alten Munitionsdepot konnte ich \u00fcber das Tal zum Burgberg blicken. Burgberg hei\u00dft der Berg und der ganze Bergr\u00fccken mit dem Everstein, dem Kratzberg und der Hirschzunge. Es hat mich immer schon dorthin gezogen, auch die bekannte Orchideenbl\u00fcte w\u00fcrde ich mir gerne dort ansehen. Es soll dort in der Gegend ein gro\u00dfes Vorkommen des <a href=\"https:\/\/de.wikipedia.org\/wiki\/Gelber_Frauenschuh\">Frauenschuhs<\/a> geben. Leider bin ich daf\u00fcr vielleicht schon zu sp\u00e4t dran. Im Mai w\u00e4re daf\u00fcr die bessere Zeit gewesen, aber die Bl\u00fctezeit geht lt. Wikipedia bis Ende Juni. Ich bin gespannt.<\/p>\n<p>Bisher war ich aber immer zu bequem mir einen passenden Weg zu suchen. Heute habe ich dann mal bei <a href=\"https:\/\/opentopomap.org\/#map=13\/51.87792\/9.52446\">OpenTopoMap<\/a> geguckt und gesehen, dass auf dem gro\u00dfen Everstein auch eine <a href=\"https:\/\/de.wikipedia.org\/wiki\/Burg_Everstein\">Burgruine<\/a> zu &#8222;besichtigen&#8220; ist und der lokale Wanderweg X28 dort auch vorbeif\u00fchrt. Mehrere Rundwege mit hoffentlich sch\u00f6nen Aussichten sind machbar. Ich habe mich f\u00fcr eine der Routen unten entschieden. Welche ich nehmen werde entscheide ich morgen, wenn ich an der entsprechenden Abzweigung ankomme nach Lust und Laune und nach Wetterlage.<\/p>\n<div id=\"tsmap_1\"  style=\"width: 100%; height: 480px; max-width: 100%\"><\/div>\n<p>Die l\u00e4ngere Strecke mit ca 13 km&#8230;<\/p>\n<div id=\"tsmap_2\"  style=\"width: 100%; height: 480px; max-width: 100%\"><\/div>\n<p>Die k\u00fcrzere Strecke mit ca 9 km&#8230;<\/p>\n<div id=\"attachment_2807\" style=\"width: 899px\" class=\"wp-caption alignnone\"><a href=\"https:\/\/macke.spdns.de\/wp-content\/uploads\/2020\/06\/burgberg.jpg\"><img loading=\"lazy\" decoding=\"async\" aria-describedby=\"caption-attachment-2807\" class=\"wp-image-2807 size-full\" src=\"https:\/\/macke.spdns.de\/wp-content\/uploads\/2020\/06\/burgberg.jpg\" alt=\"\" width=\"889\" height=\"403\" srcset=\"https:\/\/macke.spdns.de\/wp-content\/uploads\/2020\/06\/burgberg.jpg 889w, https:\/\/macke.spdns.de\/wp-content\/uploads\/2020\/06\/burgberg-300x136.jpg 300w, https:\/\/macke.spdns.de\/wp-content\/uploads\/2020\/06\/burgberg-150x68.jpg 150w, https:\/\/macke.spdns.de\/wp-content\/uploads\/2020\/06\/burgberg-768x348.jpg 768w, https:\/\/macke.spdns.de\/wp-content\/uploads\/2020\/06\/burgberg-816x370.jpg 816w\" sizes=\"auto, (max-width: 889px) 100vw, 889px\" \/><\/a><p id=\"caption-attachment-2807\" class=\"wp-caption-text\">Computergeneriertes Panorama (https:\/\/www.udeuschle.de\/panoramas\/makepanoramas.htm)<\/p><\/div>\n","protected":false},"excerpt":{"rendered":"<p>Gerne gehe ich mit Kora oberhalb von Bevern wandern, weil ich von dort aus einen sch\u00f6nen Blick \u00fcber das Wesertal habe. Heute war ich wieder dort. Vom alten Munitionsdepot konnte ich \u00fcber das Tal zum Burgberg blicken. Burgberg hei\u00dft der Berg und der ganze Bergr\u00fccken mit dem Everstein, dem Kratzberg und der Hirschzunge. Es hat [&hellip;]<\/p>\n","protected":false},"author":1,"featured_media":0,"comment_status":"closed","ping_status":"open","sticky":false,"template":"","format":"gallery","meta":{"footnotes":""},"categories":[9],"tags":[],"class_list":["post-2796","post","type-post","status-publish","format-gallery","hentry","category-draussen-und-unterwegs","post_format-post-format-gallery"],"_links":{"self":[{"href":"https:\/\/macke.spdns.de\/index.php?rest_route=\/wp\/v2\/posts\/2796","targetHints":{"allow":["GET"]}}],"collection":[{"href":"https:\/\/macke.spdns.de\/index.php?rest_route=\/wp\/v2\/posts"}],"about":[{"href":"https:\/\/macke.spdns.de\/index.php?rest_route=\/wp\/v2\/types\/post"}],"author":[{"embeddable":true,"href":"https:\/\/macke.spdns.de\/index.php?rest_route=\/wp\/v2\/users\/1"}],"replies":[{"embeddable":true,"href":"https:\/\/macke.spdns.de\/index.php?rest_route=%2Fwp%2Fv2%2Fcomments&post=2796"}],"version-history":[{"count":0,"href":"https:\/\/macke.spdns.de\/index.php?rest_route=\/wp\/v2\/posts\/2796\/revisions"}],"wp:attachment":[{"href":"https:\/\/macke.spdns.de\/index.php?rest_route=%2Fwp%2Fv2%2Fmedia&parent=2796"}],"wp:term":[{"taxonomy":"category","embeddable":true,"href":"https:\/\/macke.spdns.de\/index.php?rest_route=%2Fwp%2Fv2%2Fcategories&post=2796"},{"taxonomy":"post_tag","embeddable":true,"href":"https:\/\/macke.spdns.de\/index.php?rest_route=%2Fwp%2Fv2%2Ftags&post=2796"}],"curies":[{"name":"wp","href":"https:\/\/api.w.org\/{rel}","templated":true}]}}