{"id":2775,"date":"2020-06-05T12:44:31","date_gmt":"2020-06-05T10:44:31","guid":{"rendered":"https:\/\/macke.spdns.de\/?p=2775"},"modified":"2020-12-21T07:36:47","modified_gmt":"2020-12-21T06:36:47","slug":"planung-der-e1-wanderung-2020","status":"publish","type":"post","link":"https:\/\/macke.spdns.de\/?p=2775","title":{"rendered":"Planung der E1-Wanderung 2020"},"content":{"rendered":"<p>2.9.2020<\/p>\n<p>So, gleich geht es los. Die Interessierten k\u00f6nnen das Fortschreiten im wahrsten Sinne des Wortes\u00a0 auf der Seite &#8222;<a href=\"https:\/\/macke.spdns.de\/?page_id=155\">Wo ich gerade bin<\/a>&#8220; verfolgen.<\/p>\n<p>5.6.2020<\/p>\n<p>Als wir 2001 an der d\u00e4nischen Grenze gestartet sind, h\u00e4tte vermutlich keiner gedacht, dass wir einmal so weit kommen werden. Aber jetzt, 19 Jahre sp\u00e4ter, n\u00e4hern sich die \u00dcbriggebliebenen (4 bis 5 von 9) doch dem Bodensee.<\/p>\n<p>So sah das in 2001 aus:<\/p>\n<p><a href=\"https:\/\/macke.spdns.de\/wp-content\/uploads\/2020\/06\/e1alle.jpg\"><img loading=\"lazy\" decoding=\"async\" class=\"alignnone size-medium wp-image-2777\" src=\"https:\/\/macke.spdns.de\/wp-content\/uploads\/2020\/06\/e1alle-300x209.jpg\" alt=\"\" width=\"300\" height=\"209\" srcset=\"https:\/\/macke.spdns.de\/wp-content\/uploads\/2020\/06\/e1alle-300x209.jpg 300w, https:\/\/macke.spdns.de\/wp-content\/uploads\/2020\/06\/e1alle-1024x712.jpg 1024w, https:\/\/macke.spdns.de\/wp-content\/uploads\/2020\/06\/e1alle-150x104.jpg 150w, https:\/\/macke.spdns.de\/wp-content\/uploads\/2020\/06\/e1alle-768x534.jpg 768w, https:\/\/macke.spdns.de\/wp-content\/uploads\/2020\/06\/e1alle-816x567.jpg 816w, https:\/\/macke.spdns.de\/wp-content\/uploads\/2020\/06\/e1alle.jpg 1175w\" sizes=\"auto, (max-width: 300px) 100vw, 300px\" \/><\/a> <a href=\"https:\/\/macke.spdns.de\/wp-content\/uploads\/2020\/06\/e1-alle.jpg\"><img loading=\"lazy\" decoding=\"async\" class=\"alignnone size-medium wp-image-2778\" src=\"https:\/\/macke.spdns.de\/wp-content\/uploads\/2020\/06\/e1-alle-300x272.jpg\" alt=\"\" width=\"300\" height=\"272\" srcset=\"https:\/\/macke.spdns.de\/wp-content\/uploads\/2020\/06\/e1-alle-300x272.jpg 300w, https:\/\/macke.spdns.de\/wp-content\/uploads\/2020\/06\/e1-alle-150x136.jpg 150w, https:\/\/macke.spdns.de\/wp-content\/uploads\/2020\/06\/e1-alle.jpg 544w\" sizes=\"auto, (max-width: 300px) 100vw, 300px\" \/><\/a><\/p>\n<p>Leider gibt es nur sehr wenige Fotos von der ersten Wanderung. Das wurde aber von Jahr zu Jahr besser, auch weil die Technik immer weiter fortschritt. Diese Fotos sind tats\u00e4chlich noch Bilder von echten Negativfilmen!<\/p>\n<p><a href=\"https:\/\/macke.spdns.de\/wp-content\/uploads\/2020\/06\/E1BILD4.jpg\"><img loading=\"lazy\" decoding=\"async\" class=\"alignnone size-medium wp-image-2779\" src=\"https:\/\/macke.spdns.de\/wp-content\/uploads\/2020\/06\/E1BILD4-300x210.jpg\" alt=\"\" width=\"300\" height=\"210\" srcset=\"https:\/\/macke.spdns.de\/wp-content\/uploads\/2020\/06\/E1BILD4-300x210.jpg 300w, https:\/\/macke.spdns.de\/wp-content\/uploads\/2020\/06\/E1BILD4-1024x716.jpg 1024w, https:\/\/macke.spdns.de\/wp-content\/uploads\/2020\/06\/E1BILD4-150x105.jpg 150w, https:\/\/macke.spdns.de\/wp-content\/uploads\/2020\/06\/E1BILD4-768x537.jpg 768w, https:\/\/macke.spdns.de\/wp-content\/uploads\/2020\/06\/E1BILD4-816x570.jpg 816w, https:\/\/macke.spdns.de\/wp-content\/uploads\/2020\/06\/E1BILD4.jpg 1159w\" sizes=\"auto, (max-width: 300px) 100vw, 300px\" \/><\/a> <a href=\"https:\/\/macke.spdns.de\/wp-content\/uploads\/2020\/06\/E1BILD7.jpg\"><img loading=\"lazy\" decoding=\"async\" class=\"alignnone size-medium wp-image-2780\" src=\"https:\/\/macke.spdns.de\/wp-content\/uploads\/2020\/06\/E1BILD7-300x206.jpg\" alt=\"\" width=\"300\" height=\"206\" srcset=\"https:\/\/macke.spdns.de\/wp-content\/uploads\/2020\/06\/E1BILD7-300x206.jpg 300w, https:\/\/macke.spdns.de\/wp-content\/uploads\/2020\/06\/E1BILD7-1024x703.jpg 1024w, https:\/\/macke.spdns.de\/wp-content\/uploads\/2020\/06\/E1BILD7-150x103.jpg 150w, https:\/\/macke.spdns.de\/wp-content\/uploads\/2020\/06\/E1BILD7-768x527.jpg 768w, https:\/\/macke.spdns.de\/wp-content\/uploads\/2020\/06\/E1BILD7-816x560.jpg 816w, https:\/\/macke.spdns.de\/wp-content\/uploads\/2020\/06\/E1BILD7.jpg 1154w\" sizes=\"auto, (max-width: 300px) 100vw, 300px\" \/><\/a><\/p>\n<p>Im September 2020 werden wir in Frankfurt starten. Wir lassen dann den Taunus hinter uns und wandern in den Odenwald. Der vor uns liegende Streckenverlauf ist auf der folgenden Karte zu sehen, wobei wir den gr\u00f6\u00dften Teil der ersten Etappe schon gegangen sind. Wegen des schlechten Wetters haben wir die Wanderung 2019 in der Innenstadt von Frankfurt beendet. Deshalb musste auch das Rohr, das wir eigentlich am Ende jeder Wanderung vergraben um es im folgenden\u00a0 Jahr wieder auszugraben und mitzunehmen, dieses Jahr mit nach Hause.<\/p>\n<div id=\"tsmap_1\"  style=\"width: 100%; height: 480px; max-width: 100%\"><\/div>\n<p>Die gesamte dargestellte Strecke werden wir nicht schaffen, aber der Weg ist ja das Ziel.\u00a0\u00dcbernachten werden wir nach heutigem Stand im Landhotel &#8222;<a href=\"https:\/\/alte-muehle-modautal.de\/\">Alte M\u00fchle<\/a>&#8220; in Modautal. Ich habe schon eine Buchungsbest\u00e4tigung. Der Mitarbeiter, mit dem ich telefoniert habe, war sehr nett, Fr\u00fchst\u00fcck gibts auch im Hotel, der Hund ist auch kein Problem und der Preis annehmbar.<\/p>\n<p>Vorfreude ist doch die sch\u00f6nste Freude!!!<\/p>\n<p>&nbsp;<\/p>\n<p>&nbsp;<\/p>\n","protected":false},"excerpt":{"rendered":"<p>2.9.2020 So, gleich geht es los. Die Interessierten k\u00f6nnen das Fortschreiten im wahrsten Sinne des Wortes\u00a0 auf der Seite &#8222;Wo ich gerade bin&#8220; verfolgen. 5.6.2020 Als wir 2001 an der d\u00e4nischen Grenze gestartet sind, h\u00e4tte vermutlich keiner gedacht, dass wir einmal so weit kommen werden. Aber jetzt, 19 Jahre sp\u00e4ter, n\u00e4hern sich die \u00dcbriggebliebenen (4 [&hellip;]<\/p>\n","protected":false},"author":1,"featured_media":0,"comment_status":"closed","ping_status":"open","sticky":false,"template":"","format":"gallery","meta":{"footnotes":""},"categories":[9,19],"tags":[],"class_list":["post-2775","post","type-post","status-publish","format-gallery","hentry","category-draussen-und-unterwegs","category-e1","post_format-post-format-gallery"],"_links":{"self":[{"href":"https:\/\/macke.spdns.de\/index.php?rest_route=\/wp\/v2\/posts\/2775","targetHints":{"allow":["GET"]}}],"collection":[{"href":"https:\/\/macke.spdns.de\/index.php?rest_route=\/wp\/v2\/posts"}],"about":[{"href":"https:\/\/macke.spdns.de\/index.php?rest_route=\/wp\/v2\/types\/post"}],"author":[{"embeddable":true,"href":"https:\/\/macke.spdns.de\/index.php?rest_route=\/wp\/v2\/users\/1"}],"replies":[{"embeddable":true,"href":"https:\/\/macke.spdns.de\/index.php?rest_route=%2Fwp%2Fv2%2Fcomments&post=2775"}],"version-history":[{"count":0,"href":"https:\/\/macke.spdns.de\/index.php?rest_route=\/wp\/v2\/posts\/2775\/revisions"}],"wp:attachment":[{"href":"https:\/\/macke.spdns.de\/index.php?rest_route=%2Fwp%2Fv2%2Fmedia&parent=2775"}],"wp:term":[{"taxonomy":"category","embeddable":true,"href":"https:\/\/macke.spdns.de\/index.php?rest_route=%2Fwp%2Fv2%2Fcategories&post=2775"},{"taxonomy":"post_tag","embeddable":true,"href":"https:\/\/macke.spdns.de\/index.php?rest_route=%2Fwp%2Fv2%2Ftags&post=2775"}],"curies":[{"name":"wp","href":"https:\/\/api.w.org\/{rel}","templated":true}]}}