{"id":2175,"date":"2019-09-06T10:06:52","date_gmt":"2019-09-06T08:06:52","guid":{"rendered":"https:\/\/macke.spdns.de\/?p=2175"},"modified":"2019-10-25T18:42:53","modified_gmt":"2019-10-25T16:42:53","slug":"e1-der-zweite-tag","status":"publish","type":"post","link":"https:\/\/macke.spdns.de\/?p=2175","title":{"rendered":"E1 &#8211; Der zweite Tag"},"content":{"rendered":"<p>Die Wanderung heute beginnt in Idstein. Der Weg verl\u00e4uft zun\u00e4chst in flachem Gel\u00e4nde. Auch kurz hinter Idstein geht es noch durch ein paar Wiesen und an einem Reitstall vorbei auf ebenen Wegen. Erst als wir in den Wald abbiegen kommt mit dem ersten Waldweg auch gleich die erste Steigung.<\/p>\n<div style=\"width: 1066px\" class=\"wp-caption alignnone\"><img loading=\"lazy\" decoding=\"async\" class=\"size-full\" src=\"https:\/\/macke.spdns.de\/wp-content\/uploads\/2019\/09\/20190906_1005431610845120.jpg\" width=\"1056\" height=\"594\" data-wpid=\"1333\" data-temp-aztec-id=\"c62c528a-243f-408a-95a4-672413011db0\" \/><p class=\"wp-caption-text\">Hinter Idstein<\/p><\/div>\n<p>Nachdem wir die ersten Steigungen erklommen haben gehen wir \u00fcber eine Hochebene mit vielen Obstb\u00e4umen. Hier machen wir eine erste kleine Rast weil sich eine Bank in der Sonne geradezu daf\u00fcr anbietet.<\/p>\n<div id=\"attachment_2220\" style=\"width: 310px\" class=\"wp-caption alignnone\"><a href=\"https:\/\/macke.spdns.de\/wp-content\/uploads\/2019\/09\/2019-09-06-10-15-39.jpg\"><img loading=\"lazy\" decoding=\"async\" aria-describedby=\"caption-attachment-2220\" class=\"wp-image-2220 size-medium\" src=\"https:\/\/macke.spdns.de\/wp-content\/uploads\/2019\/09\/2019-09-06-10-15-39-300x225.jpg\" alt=\"\" width=\"300\" height=\"225\" srcset=\"https:\/\/macke.spdns.de\/wp-content\/uploads\/2019\/09\/2019-09-06-10-15-39-300x225.jpg 300w, https:\/\/macke.spdns.de\/wp-content\/uploads\/2019\/09\/2019-09-06-10-15-39-150x113.jpg 150w, https:\/\/macke.spdns.de\/wp-content\/uploads\/2019\/09\/2019-09-06-10-15-39-768x576.jpg 768w, https:\/\/macke.spdns.de\/wp-content\/uploads\/2019\/09\/2019-09-06-10-15-39-1024x768.jpg 1024w\" sizes=\"auto, (max-width: 300px) 100vw, 300px\" \/><\/a><p id=\"caption-attachment-2220\" class=\"wp-caption-text\">Pause unter Obstb\u00e4umen<\/p><\/div>\n<div id=\"attachment_2221\" style=\"width: 310px\" class=\"wp-caption alignnone\"><a href=\"https:\/\/macke.spdns.de\/wp-content\/uploads\/2019\/09\/2019-09-06-10-31-53.jpg\"><img loading=\"lazy\" decoding=\"async\" aria-describedby=\"caption-attachment-2221\" class=\"wp-image-2221 size-medium\" src=\"https:\/\/macke.spdns.de\/wp-content\/uploads\/2019\/09\/2019-09-06-10-31-53-300x199.jpg\" alt=\"\" width=\"300\" height=\"199\" srcset=\"https:\/\/macke.spdns.de\/wp-content\/uploads\/2019\/09\/2019-09-06-10-31-53-300x199.jpg 300w, https:\/\/macke.spdns.de\/wp-content\/uploads\/2019\/09\/2019-09-06-10-31-53-150x100.jpg 150w, https:\/\/macke.spdns.de\/wp-content\/uploads\/2019\/09\/2019-09-06-10-31-53-768x511.jpg 768w, https:\/\/macke.spdns.de\/wp-content\/uploads\/2019\/09\/2019-09-06-10-31-53-1024x681.jpg 1024w\" sizes=\"auto, (max-width: 300px) 100vw, 300px\" \/><\/a><p id=\"caption-attachment-2221\" class=\"wp-caption-text\">Pause unter Obstb\u00e4umen<\/p><\/div>\n<p>Von dort geht es weiter bis in den Ort Schlo\u00dfborn hinein, wo wir dann noch einmal l\u00e4nger rasten auch wenn es die Durchschnittsgeschwindigkeit negativ beeinflusst.<\/p>\n<div id=\"attachment_2177\" style=\"width: 1290px\" class=\"wp-caption alignnone\"><img loading=\"lazy\" decoding=\"async\" aria-describedby=\"caption-attachment-2177\" class=\"wp-image-2177 size-full\" src=\"https:\/\/macke.spdns.de\/wp-content\/uploads\/2019\/09\/20190906_1139011480674649.jpg\" alt=\"\" width=\"1280\" height=\"720\" srcset=\"https:\/\/macke.spdns.de\/wp-content\/uploads\/2019\/09\/20190906_1139011480674649.jpg 1280w, https:\/\/macke.spdns.de\/wp-content\/uploads\/2019\/09\/20190906_1139011480674649-150x84.jpg 150w, https:\/\/macke.spdns.de\/wp-content\/uploads\/2019\/09\/20190906_1139011480674649-300x169.jpg 300w, https:\/\/macke.spdns.de\/wp-content\/uploads\/2019\/09\/20190906_1139011480674649-768x432.jpg 768w, https:\/\/macke.spdns.de\/wp-content\/uploads\/2019\/09\/20190906_1139011480674649-1024x576.jpg 1024w\" sizes=\"auto, (max-width: 1280px) 100vw, 1280px\" \/><p id=\"caption-attachment-2177\" class=\"wp-caption-text\">In Schlo\u00dfborn am Teich<\/p><\/div>\n<p>Von Schlo\u00dfborn geht es dann sehr steil und lange bergauf in Richtung Gro\u00dfer Feldberg. Um den Aufstieg zu schaffen, m\u00fcssen wir am r\u00f6mischen Kastell &#8222;Kleiner Feldberg&#8220;\u00a0 noch ein bisschen ruhen bevor wir den restlichen Weg in Angriff nehmen.<\/p>\n<div style=\"width: 1066px\" class=\"wp-caption alignnone\"><img loading=\"lazy\" decoding=\"async\" src=\"https:\/\/macke.spdns.de\/wp-content\/uploads\/2019\/09\/wp-1567774156332685796059.jpg\" alt=\"\" width=\"1056\" height=\"594\" data-wpid=\"1335\" \/><p class=\"wp-caption-text\">Kastell Kleiner Feldberg<\/p><\/div>\n<p>&nbsp;<\/p>\n<div style=\"width: 1066px\" class=\"wp-caption alignnone\"><img loading=\"lazy\" decoding=\"async\" class=\"size-full\" src=\"https:\/\/macke.spdns.de\/wp-content\/uploads\/2019\/09\/20190906_1522161465311992.jpg\" width=\"1056\" height=\"594\" data-wpid=\"1336\" \/><p class=\"wp-caption-text\">Aufstieg zum Feldberg<\/p><\/div>\n<p>&nbsp;<\/p>\n<div id=\"attachment_2183\" style=\"width: 1290px\" class=\"wp-caption alignnone\"><img loading=\"lazy\" decoding=\"async\" aria-describedby=\"caption-attachment-2183\" class=\"wp-image-2183 size-full\" src=\"https:\/\/macke.spdns.de\/wp-content\/uploads\/2019\/09\/20190906_1545042116796317.jpg\" alt=\"\" width=\"1280\" height=\"720\" srcset=\"https:\/\/macke.spdns.de\/wp-content\/uploads\/2019\/09\/20190906_1545042116796317.jpg 1280w, https:\/\/macke.spdns.de\/wp-content\/uploads\/2019\/09\/20190906_1545042116796317-150x84.jpg 150w, https:\/\/macke.spdns.de\/wp-content\/uploads\/2019\/09\/20190906_1545042116796317-300x169.jpg 300w, https:\/\/macke.spdns.de\/wp-content\/uploads\/2019\/09\/20190906_1545042116796317-768x432.jpg 768w, https:\/\/macke.spdns.de\/wp-content\/uploads\/2019\/09\/20190906_1545042116796317-1024x576.jpg 1024w\" sizes=\"auto, (max-width: 1280px) 100vw, 1280px\" \/><p id=\"caption-attachment-2183\" class=\"wp-caption-text\">Blick vom Aussichtsturm auf dem Gro\u00dfen Feldberg<\/p><\/div>\n<p>Der Aufstieg zum Gro\u00dfen Feldberg ist nicht ohne und dann noch 163 Stufen auf den Aussichtsturm um den Blick zu genie\u00dfen . Alter Schwede! (Ach, den hatten wir in Hamburg ja schon zur\u00fcckgelassen)<\/p>\n<p>Anschlie\u00dfend gehen wir vom Gro\u00dfen Feldberg lange bergab um dann auf den fast genauso hohen Altk\u00f6nig aufzusteigen. Von dort geht es weiter nach Hohemark. Am anstrengendsten f\u00fcr meine F\u00fc\u00dfe ist eigentlich der ewig lange Abstieg nach Hohemark. Das liegt aber auch daran, dass ich heute Morgen irgendwie Frankfurt und deshalb asphaltierte Stra\u00dfen im Kopf hatte und\u00a0 die leichten Treckingschuhe und nicht die festeren Wanderschuhe trage. Inzwischen sp\u00fcre ich jeden spitzen Stein auf den ich trete. Selbst Schuld.<\/p>\n<p>In Hohemark endet unsere Wanderung f\u00fcr heute, nach etwas \u00fcber 30 Kilometern. Neben dem Taunus-Informationszentrum ist das Gasthaus Waldtraut, in dem wir etwas gegen unseren Hunger tun k\u00f6nnen. Danach fahren wir mit dem Taxi nach Oberreifenberg zur\u00fcck, weil das die k\u00fcrzeste Taxistrecke ist. Hansi und Andreas holen dann noch Hansis Auto aus Idstein zur\u00fcck. Danke Euch beiden ich bin froh, dass ich schon meine F\u00fc\u00dfe hochlegen kann.<\/p>\n<div id=\"tsmap_1\"  style=\"width: 100%; height: 480px; max-width: 100%\"><\/div>\n<p>Um auch [mit] ein paar Daten anzugeben:<\/p>\n<p>Wegl\u00e4nge: 30,6 km<br \/>\nDauer: 10 Stunden und 41 Minuten<br \/>\nDurchschnittsgeschwindigkeit: 2,86 km\/h<br \/>\nAufstieg: 1025 m<br \/>\nAbstieg: 987 m<\/p>\n<p><a href=\"https:\/\/macke.spdns.de\/wp-content\/uploads\/2019\/09\/e1d2.jpg\"><img loading=\"lazy\" decoding=\"async\" class=\"alignnone wp-image-2328\" src=\"https:\/\/macke.spdns.de\/wp-content\/uploads\/2019\/09\/e1d2-300x150.jpg\" alt=\"\" width=\"524\" height=\"262\" srcset=\"https:\/\/macke.spdns.de\/wp-content\/uploads\/2019\/09\/e1d2-300x150.jpg 300w, https:\/\/macke.spdns.de\/wp-content\/uploads\/2019\/09\/e1d2-150x75.jpg 150w, https:\/\/macke.spdns.de\/wp-content\/uploads\/2019\/09\/e1d2-768x384.jpg 768w, https:\/\/macke.spdns.de\/wp-content\/uploads\/2019\/09\/e1d2-400x200.jpg 400w, https:\/\/macke.spdns.de\/wp-content\/uploads\/2019\/09\/e1d2.jpg 800w\" sizes=\"auto, (max-width: 524px) 100vw, 524px\" \/><\/a><\/p>\n","protected":false},"excerpt":{"rendered":"<p>Die Wanderung heute beginnt in Idstein. Der Weg verl\u00e4uft zun\u00e4chst in flachem Gel\u00e4nde. Auch kurz hinter Idstein geht es noch durch ein paar Wiesen und an einem Reitstall vorbei auf ebenen Wegen. Erst als wir in den Wald abbiegen kommt mit dem ersten Waldweg auch gleich die erste Steigung. Nachdem wir die ersten Steigungen erklommen [&hellip;]<\/p>\n","protected":false},"author":1,"featured_media":0,"comment_status":"closed","ping_status":"open","sticky":false,"template":"","format":"gallery","meta":{"footnotes":""},"categories":[9,19],"tags":[],"class_list":["post-2175","post","type-post","status-publish","format-gallery","hentry","category-draussen-und-unterwegs","category-e1","post_format-post-format-gallery"],"_links":{"self":[{"href":"https:\/\/macke.spdns.de\/index.php?rest_route=\/wp\/v2\/posts\/2175","targetHints":{"allow":["GET"]}}],"collection":[{"href":"https:\/\/macke.spdns.de\/index.php?rest_route=\/wp\/v2\/posts"}],"about":[{"href":"https:\/\/macke.spdns.de\/index.php?rest_route=\/wp\/v2\/types\/post"}],"author":[{"embeddable":true,"href":"https:\/\/macke.spdns.de\/index.php?rest_route=\/wp\/v2\/users\/1"}],"replies":[{"embeddable":true,"href":"https:\/\/macke.spdns.de\/index.php?rest_route=%2Fwp%2Fv2%2Fcomments&post=2175"}],"version-history":[{"count":0,"href":"https:\/\/macke.spdns.de\/index.php?rest_route=\/wp\/v2\/posts\/2175\/revisions"}],"wp:attachment":[{"href":"https:\/\/macke.spdns.de\/index.php?rest_route=%2Fwp%2Fv2%2Fmedia&parent=2175"}],"wp:term":[{"taxonomy":"category","embeddable":true,"href":"https:\/\/macke.spdns.de\/index.php?rest_route=%2Fwp%2Fv2%2Fcategories&post=2175"},{"taxonomy":"post_tag","embeddable":true,"href":"https:\/\/macke.spdns.de\/index.php?rest_route=%2Fwp%2Fv2%2Ftags&post=2175"}],"curies":[{"name":"wp","href":"https:\/\/api.w.org\/{rel}","templated":true}]}}