{"id":2159,"date":"2019-09-05T20:45:04","date_gmt":"2019-09-05T18:45:04","guid":{"rendered":"https:\/\/macke.spdns.de\/?p=2159"},"modified":"2019-09-14T14:04:53","modified_gmt":"2019-09-14T12:04:53","slug":"e1-der-erste-tag","status":"publish","type":"post","link":"https:\/\/macke.spdns.de\/?p=2159","title":{"rendered":"E1 &#8211; Der erste Tag"},"content":{"rendered":"<p>Heute ist der erste Wandertag 2019. Bei gutem Wetter fahren wir gegen 9:00 Uhr am Hotel los nach Kettenbach. Wir parken auf dem Parkplatz eines Supermarktes.<\/p>\n<p>Dann machen wir uns auf den Weg um das Rohr wieder auszugraben. Seit Beginn der Wanderung 2001 tragen wir jedes Jahr ein Kunsstoffrohr mit uns weiter, in dem sich ein kurzes Reisetagebuch befindet. An der Stelle, wo wir das Rohr 2018 vergruben, ist wie wir sehen die Stra\u00dfe erneuert und ein neuer Radweg mit Gel\u00e4nder gebaut worden. Fast geben wir die Suche nach dem Rohr schon auf, aber nach etwas tieferem Graben findet es sich dann unter losem Schotter und Laub vom vergangenen Jahr, doch noch wieder an.<\/p>\n<div id=\"attachment_2215\" style=\"width: 310px\" class=\"wp-caption alignnone\"><a href=\"https:\/\/macke.spdns.de\/wp-content\/uploads\/2019\/09\/2019-09-05-09-47-40.jpg\"><img loading=\"lazy\" decoding=\"async\" aria-describedby=\"caption-attachment-2215\" class=\"wp-image-2215 size-medium\" src=\"https:\/\/macke.spdns.de\/wp-content\/uploads\/2019\/09\/2019-09-05-09-47-40-300x199.jpg\" alt=\"\" width=\"300\" height=\"199\" srcset=\"https:\/\/macke.spdns.de\/wp-content\/uploads\/2019\/09\/2019-09-05-09-47-40-300x199.jpg 300w, https:\/\/macke.spdns.de\/wp-content\/uploads\/2019\/09\/2019-09-05-09-47-40-150x100.jpg 150w, https:\/\/macke.spdns.de\/wp-content\/uploads\/2019\/09\/2019-09-05-09-47-40-768x511.jpg 768w, https:\/\/macke.spdns.de\/wp-content\/uploads\/2019\/09\/2019-09-05-09-47-40-1024x681.jpg 1024w\" sizes=\"auto, (max-width: 300px) 100vw, 300px\" \/><\/a><p id=\"caption-attachment-2215\" class=\"wp-caption-text\">Gl\u00fcck gehabt<\/p><\/div>\n<div id=\"attachment_2217\" style=\"width: 310px\" class=\"wp-caption alignnone\"><a href=\"https:\/\/macke.spdns.de\/wp-content\/uploads\/2019\/09\/2019-09-05-09-48-11.jpg\"><img loading=\"lazy\" decoding=\"async\" aria-describedby=\"caption-attachment-2217\" class=\"wp-image-2217 size-medium\" src=\"https:\/\/macke.spdns.de\/wp-content\/uploads\/2019\/09\/2019-09-05-09-48-11-300x199.jpg\" alt=\"\" width=\"300\" height=\"199\" srcset=\"https:\/\/macke.spdns.de\/wp-content\/uploads\/2019\/09\/2019-09-05-09-48-11-300x199.jpg 300w, https:\/\/macke.spdns.de\/wp-content\/uploads\/2019\/09\/2019-09-05-09-48-11-150x100.jpg 150w, https:\/\/macke.spdns.de\/wp-content\/uploads\/2019\/09\/2019-09-05-09-48-11-768x511.jpg 768w, https:\/\/macke.spdns.de\/wp-content\/uploads\/2019\/09\/2019-09-05-09-48-11-1024x681.jpg 1024w\" sizes=\"auto, (max-width: 300px) 100vw, 300px\" \/><\/a><p id=\"caption-attachment-2217\" class=\"wp-caption-text\">Trotz neuem Radweg und Gel\u00e4nder wiedergefunden&#8230;<\/p><\/div>\n<p>Dann beginnt die eigentliche Wanderung. Zun\u00e4chst gehen wir \u00fcber das Werksgel\u00e4nde von ACO und dann steil den ersten Berg, von denen es heute mehrere gibt, hinauf.<\/p>\n<p>Das Wetter bleibt freundlich, es gibt hier und da sch\u00f6ne Ausblicke, aber stellenweise auch eher langweile &#8222;Gerdeaus-Strecken&#8220;.<\/p>\n<p>Zur Mittagszeit findet sich leider kein Gasthaus. So gehen wir bis Idstein und kehren dort ins Brauhaus ein. Das Essen ist gut. Nach zwanzig Kilometern und gutem Essen hat keiner mehr Lust weiter zu gehen. So bleibt es bei einer Stadtbesichtigung von Idstein und anschlie\u00dfender Heimfahrt.<\/p>\n<div style=\"width: 1290px\" class=\"wp-caption alignnone\"><img loading=\"lazy\" decoding=\"async\" class=\"size-full wp-image-2161\" src=\"https:\/\/macke.spdns.de\/wp-content\/uploads\/2019\/09\/20190905_1223241664512058.jpg\" width=\"1280\" height=\"720\" srcset=\"https:\/\/macke.spdns.de\/wp-content\/uploads\/2019\/09\/20190905_1223241664512058.jpg 1280w, https:\/\/macke.spdns.de\/wp-content\/uploads\/2019\/09\/20190905_1223241664512058-150x84.jpg 150w, https:\/\/macke.spdns.de\/wp-content\/uploads\/2019\/09\/20190905_1223241664512058-300x169.jpg 300w, https:\/\/macke.spdns.de\/wp-content\/uploads\/2019\/09\/20190905_1223241664512058-768x432.jpg 768w, https:\/\/macke.spdns.de\/wp-content\/uploads\/2019\/09\/20190905_1223241664512058-1024x576.jpg 1024w\" sizes=\"auto, (max-width: 1280px) 100vw, 1280px\" \/><p class=\"wp-caption-text\">Auf dem E1<\/p><\/div>\n<div style=\"width: 2142px\" class=\"wp-caption alignnone\"><img loading=\"lazy\" decoding=\"async\" class=\"size-full wp-image-2170\" src=\"https:\/\/macke.spdns.de\/wp-content\/uploads\/2019\/09\/2019-09-05-21-1386087230..jpg\" width=\"2132\" height=\"1688\" srcset=\"https:\/\/macke.spdns.de\/wp-content\/uploads\/2019\/09\/2019-09-05-21-1386087230..jpg 2132w, https:\/\/macke.spdns.de\/wp-content\/uploads\/2019\/09\/2019-09-05-21-1386087230.-150x119.jpg 150w, https:\/\/macke.spdns.de\/wp-content\/uploads\/2019\/09\/2019-09-05-21-1386087230.-300x238.jpg 300w, https:\/\/macke.spdns.de\/wp-content\/uploads\/2019\/09\/2019-09-05-21-1386087230.-768x608.jpg 768w, https:\/\/macke.spdns.de\/wp-content\/uploads\/2019\/09\/2019-09-05-21-1386087230.-1024x811.jpg 1024w\" sizes=\"auto, (max-width: 2132px) 100vw, 2132px\" \/><p class=\"wp-caption-text\">Stillleben mit Rucksack<\/p><\/div>\n<div style=\"width: 1290px\" class=\"wp-caption alignnone\"><img loading=\"lazy\" decoding=\"async\" class=\"wp-image-2163 size-full\" src=\"https:\/\/macke.spdns.de\/wp-content\/uploads\/2019\/09\/20190905_1713422082852807.jpg\" width=\"1280\" height=\"720\" srcset=\"https:\/\/macke.spdns.de\/wp-content\/uploads\/2019\/09\/20190905_1713422082852807.jpg 1280w, https:\/\/macke.spdns.de\/wp-content\/uploads\/2019\/09\/20190905_1713422082852807-150x84.jpg 150w, https:\/\/macke.spdns.de\/wp-content\/uploads\/2019\/09\/20190905_1713422082852807-300x169.jpg 300w, https:\/\/macke.spdns.de\/wp-content\/uploads\/2019\/09\/20190905_1713422082852807-768x432.jpg 768w, https:\/\/macke.spdns.de\/wp-content\/uploads\/2019\/09\/20190905_1713422082852807-1024x576.jpg 1024w\" sizes=\"auto, (max-width: 1280px) 100vw, 1280px\" \/><p class=\"wp-caption-text\">Idstein die Burg<\/p><\/div>\n<div style=\"width: 1290px\" class=\"wp-caption alignnone\"><img loading=\"lazy\" decoding=\"async\" class=\"size-full wp-image-2171\" src=\"https:\/\/macke.spdns.de\/wp-content\/uploads\/2019\/09\/20190905_171823863258386.jpg\" width=\"1280\" height=\"720\" srcset=\"https:\/\/macke.spdns.de\/wp-content\/uploads\/2019\/09\/20190905_171823863258386.jpg 1280w, https:\/\/macke.spdns.de\/wp-content\/uploads\/2019\/09\/20190905_171823863258386-150x84.jpg 150w, https:\/\/macke.spdns.de\/wp-content\/uploads\/2019\/09\/20190905_171823863258386-300x169.jpg 300w, https:\/\/macke.spdns.de\/wp-content\/uploads\/2019\/09\/20190905_171823863258386-768x432.jpg 768w, https:\/\/macke.spdns.de\/wp-content\/uploads\/2019\/09\/20190905_171823863258386-1024x576.jpg 1024w\" sizes=\"auto, (max-width: 1280px) 100vw, 1280px\" \/><p class=\"wp-caption-text\">Der Hexenturm<\/p><\/div>\n<p>Hier noch die Wanderstrecke von heute.<\/p>\n<div id=\"tsmap_1\"  style=\"width: 100%; height: 480px; max-width: 100%\"><\/div>\n","protected":false},"excerpt":{"rendered":"<p>Heute ist der erste Wandertag 2019. Bei gutem Wetter fahren wir gegen 9:00 Uhr am Hotel los nach Kettenbach. Wir parken auf dem Parkplatz eines Supermarktes. Dann machen wir uns auf den Weg um das Rohr wieder auszugraben. Seit Beginn der Wanderung 2001 tragen wir jedes Jahr ein Kunsstoffrohr mit uns weiter, in dem sich [&hellip;]<\/p>\n","protected":false},"author":1,"featured_media":0,"comment_status":"closed","ping_status":"open","sticky":false,"template":"","format":"gallery","meta":{"footnotes":""},"categories":[9,19],"tags":[],"class_list":["post-2159","post","type-post","status-publish","format-gallery","hentry","category-draussen-und-unterwegs","category-e1","post_format-post-format-gallery"],"_links":{"self":[{"href":"https:\/\/macke.spdns.de\/index.php?rest_route=\/wp\/v2\/posts\/2159","targetHints":{"allow":["GET"]}}],"collection":[{"href":"https:\/\/macke.spdns.de\/index.php?rest_route=\/wp\/v2\/posts"}],"about":[{"href":"https:\/\/macke.spdns.de\/index.php?rest_route=\/wp\/v2\/types\/post"}],"author":[{"embeddable":true,"href":"https:\/\/macke.spdns.de\/index.php?rest_route=\/wp\/v2\/users\/1"}],"replies":[{"embeddable":true,"href":"https:\/\/macke.spdns.de\/index.php?rest_route=%2Fwp%2Fv2%2Fcomments&post=2159"}],"version-history":[{"count":0,"href":"https:\/\/macke.spdns.de\/index.php?rest_route=\/wp\/v2\/posts\/2159\/revisions"}],"wp:attachment":[{"href":"https:\/\/macke.spdns.de\/index.php?rest_route=%2Fwp%2Fv2%2Fmedia&parent=2159"}],"wp:term":[{"taxonomy":"category","embeddable":true,"href":"https:\/\/macke.spdns.de\/index.php?rest_route=%2Fwp%2Fv2%2Fcategories&post=2159"},{"taxonomy":"post_tag","embeddable":true,"href":"https:\/\/macke.spdns.de\/index.php?rest_route=%2Fwp%2Fv2%2Ftags&post=2159"}],"curies":[{"name":"wp","href":"https:\/\/api.w.org\/{rel}","templated":true}]}}