{"id":2033,"date":"2019-07-03T16:43:10","date_gmt":"2019-07-03T14:43:10","guid":{"rendered":"https:\/\/macke.spdns.de\/?p=2033"},"modified":"2019-07-14T16:18:21","modified_gmt":"2019-07-14T14:18:21","slug":"johanniswacht-und-schweizermhle-teil-2","status":"publish","type":"post","link":"https:\/\/macke.spdns.de\/?p=2033","title":{"rendered":"Johanniswacht und Schweizerm&uuml;hle Teil 2"},"content":{"rendered":"<p>Am Samstag haben wir die Wanderung im Bielatal kurz hinter der <a href=\"http:\/\/macke.spdns.de\/?p=1969\">Johanniswacht<\/a> unterbrochen. Wir sind der Stra\u00dfe zum Parkplatz neben der Bushaltestelle Schweizerm\u00fchle gefolgt, weil wir nicht wieder auf der anderen Talseite die Berge erklimmen wollten. Ich hatte Samstag schon die Vermutung, dass uns damit der sch\u00f6nere Teil des Weges entgeht.<\/p>\n<p>Heute gehe ich vom Parkplatz aus los bis zu der Stelle, an der wir wieder in einen Waldweg h\u00e4tten abbiegen m\u00fcssen. Diesem Waldweg folge ich.<\/p>\n<p><a href=\"http:\/\/macke.spdns.de\/wp-content\/uploads\/2019\/07\/2019-07-03-12-04-46.jpg\"><img loading=\"lazy\" decoding=\"async\" class=\"alignnone size-medium wp-image-2019\" src=\"http:\/\/macke.spdns.de\/wp-content\/uploads\/2019\/07\/2019-07-03-12-04-46-300x225.jpg\" alt=\"\" width=\"300\" height=\"225\" srcset=\"https:\/\/macke.spdns.de\/wp-content\/uploads\/2019\/07\/2019-07-03-12-04-46-300x225.jpg 300w, https:\/\/macke.spdns.de\/wp-content\/uploads\/2019\/07\/2019-07-03-12-04-46-150x113.jpg 150w, https:\/\/macke.spdns.de\/wp-content\/uploads\/2019\/07\/2019-07-03-12-04-46-768x576.jpg 768w, https:\/\/macke.spdns.de\/wp-content\/uploads\/2019\/07\/2019-07-03-12-04-46.jpg 1024w\" sizes=\"auto, (max-width: 300px) 100vw, 300px\" \/><\/a><\/p>\n<p>Er steigt zun\u00e4chst sanft, dann immer steiler an und f\u00fchrt mich zum Bielablick und dann zu den beeindruckenden Herkuless\u00e4ulen. Hier sieht es wieder so aus, wie man es in der s\u00e4chsischen Schweiz erwartet. Die Herkuless\u00e4ulenaussicht mit einer kleinen Bank l\u00e4dt zum Verweilen ein und macht ihrem Namen alle Ehre. F\u00fcr die Hunde gibt es hier frisches Wasser und f\u00fcr mich einen Brezel.<\/p>\n<p><a href=\"http:\/\/macke.spdns.de\/wp-content\/uploads\/2019\/07\/2019-07-03-12-19-46.jpg\"><img loading=\"lazy\" decoding=\"async\" class=\"alignnone size-medium wp-image-2021\" src=\"http:\/\/macke.spdns.de\/wp-content\/uploads\/2019\/07\/2019-07-03-12-19-46-300x225.jpg\" alt=\"\" width=\"300\" height=\"225\" srcset=\"https:\/\/macke.spdns.de\/wp-content\/uploads\/2019\/07\/2019-07-03-12-19-46-300x225.jpg 300w, https:\/\/macke.spdns.de\/wp-content\/uploads\/2019\/07\/2019-07-03-12-19-46-150x113.jpg 150w, https:\/\/macke.spdns.de\/wp-content\/uploads\/2019\/07\/2019-07-03-12-19-46-768x576.jpg 768w, https:\/\/macke.spdns.de\/wp-content\/uploads\/2019\/07\/2019-07-03-12-19-46.jpg 1024w\" sizes=\"auto, (max-width: 300px) 100vw, 300px\" \/><\/a><\/p>\n<p>Es geht um einige der Steins\u00e4ulen herum und auch zwischen den \u201cSteinen\u201d hindurch und dann durch eine Schlucht, deren Felsw\u00e4nde links und rechts steil aufragen, wieder bergab. Wir machen zwar heute keine Kilometer, aber jede Menge H\u00f6henmeter.<\/p>\n<p><a href=\"http:\/\/macke.spdns.de\/wp-content\/uploads\/2019\/07\/2019-07-03-12-27-35.jpg\"><img loading=\"lazy\" decoding=\"async\" class=\"alignnone size-medium wp-image-2023\" src=\"http:\/\/macke.spdns.de\/wp-content\/uploads\/2019\/07\/2019-07-03-12-27-35-300x225.jpg\" alt=\"\" width=\"300\" height=\"225\" srcset=\"https:\/\/macke.spdns.de\/wp-content\/uploads\/2019\/07\/2019-07-03-12-27-35-300x225.jpg 300w, https:\/\/macke.spdns.de\/wp-content\/uploads\/2019\/07\/2019-07-03-12-27-35-150x113.jpg 150w, https:\/\/macke.spdns.de\/wp-content\/uploads\/2019\/07\/2019-07-03-12-27-35-768x576.jpg 768w, https:\/\/macke.spdns.de\/wp-content\/uploads\/2019\/07\/2019-07-03-12-27-35.jpg 1024w\" sizes=\"auto, (max-width: 300px) 100vw, 300px\" \/><\/a><\/p>\n<p>Weiter geht es zur Kaiser-Wilhelm-Feste. Von dort kann ich auf der anderen Talseite den Sachsenstein sehen, den Gerrit und ich am <a href=\"http:\/\/macke.spdns.de\/?p=1969\">Samstag<\/a> erklommen haben. Leider ist das Bild wegen der starken Vergr\u00f6\u00dferung nicht richtig sch\u00f6n, aber wer oben war, wei\u00df ja wie es dort aussieht.<\/p>\n<p><a href=\"http:\/\/macke.spdns.de\/wp-content\/uploads\/2019\/07\/2019-07-03-12-39-17.jpg\"><img loading=\"lazy\" decoding=\"async\" class=\"alignnone size-medium wp-image-2025\" src=\"http:\/\/macke.spdns.de\/wp-content\/uploads\/2019\/07\/2019-07-03-12-39-17-300x225.jpg\" alt=\"\" width=\"300\" height=\"225\" srcset=\"https:\/\/macke.spdns.de\/wp-content\/uploads\/2019\/07\/2019-07-03-12-39-17-300x225.jpg 300w, https:\/\/macke.spdns.de\/wp-content\/uploads\/2019\/07\/2019-07-03-12-39-17-150x113.jpg 150w, https:\/\/macke.spdns.de\/wp-content\/uploads\/2019\/07\/2019-07-03-12-39-17-768x576.jpg 768w, https:\/\/macke.spdns.de\/wp-content\/uploads\/2019\/07\/2019-07-03-12-39-17.jpg 1024w\" sizes=\"auto, (max-width: 300px) 100vw, 300px\" \/><\/a> <a href=\"http:\/\/macke.spdns.de\/wp-content\/uploads\/2019\/07\/2019-07-03-12-46-36.jpg\"><img loading=\"lazy\" decoding=\"async\" class=\"alignnone size-medium wp-image-2027\" src=\"http:\/\/macke.spdns.de\/wp-content\/uploads\/2019\/07\/2019-07-03-12-46-36-300x225.jpg\" alt=\"\" width=\"300\" height=\"225\" srcset=\"https:\/\/macke.spdns.de\/wp-content\/uploads\/2019\/07\/2019-07-03-12-46-36-300x225.jpg 300w, https:\/\/macke.spdns.de\/wp-content\/uploads\/2019\/07\/2019-07-03-12-46-36-150x113.jpg 150w, https:\/\/macke.spdns.de\/wp-content\/uploads\/2019\/07\/2019-07-03-12-46-36-768x576.jpg 768w, https:\/\/macke.spdns.de\/wp-content\/uploads\/2019\/07\/2019-07-03-12-46-36.jpg 1024w\" sizes=\"auto, (max-width: 300px) 100vw, 300px\" \/><\/a><\/p>\n<p>Von der Feste gehe ich, immer in der N\u00e4he der Abbruchkante, weiter in Richtung Schweizerm\u00fchle. Auf einem St\u00fcck des Weges stehen viele aus Stein gehauene \u201cZaunpf\u00e4hle\u201d und ich frage mich wer die hier oben wohl und aus welchem Grund aufgestellt hat.<\/p>\n<p><a href=\"http:\/\/macke.spdns.de\/wp-content\/uploads\/2019\/07\/2019-07-03-12-53-58.jpg\"><img loading=\"lazy\" decoding=\"async\" class=\"alignnone size-medium wp-image-2029\" src=\"http:\/\/macke.spdns.de\/wp-content\/uploads\/2019\/07\/2019-07-03-12-53-58-300x225.jpg\" alt=\"\" width=\"300\" height=\"225\" srcset=\"https:\/\/macke.spdns.de\/wp-content\/uploads\/2019\/07\/2019-07-03-12-53-58-300x225.jpg 300w, https:\/\/macke.spdns.de\/wp-content\/uploads\/2019\/07\/2019-07-03-12-53-58-150x113.jpg 150w, https:\/\/macke.spdns.de\/wp-content\/uploads\/2019\/07\/2019-07-03-12-53-58-768x576.jpg 768w, https:\/\/macke.spdns.de\/wp-content\/uploads\/2019\/07\/2019-07-03-12-53-58.jpg 1024w\" sizes=\"auto, (max-width: 300px) 100vw, 300px\" \/><\/a><\/p>\n<p>Kurze Zeit sp\u00e4ter m\u00fcssen Kora und Emil noch einmal f\u00fcr ein Foto posieren und dann geht es den Berg hinab nach Schweizerm\u00fchle.<\/p>\n<p><a href=\"http:\/\/macke.spdns.de\/wp-content\/uploads\/2019\/07\/2019-07-03-12-50-40.jpg\"><img loading=\"lazy\" decoding=\"async\" class=\"alignnone size-medium wp-image-2031\" src=\"http:\/\/macke.spdns.de\/wp-content\/uploads\/2019\/07\/2019-07-03-12-50-40-300x225.jpg\" alt=\"\" width=\"300\" height=\"225\" srcset=\"https:\/\/macke.spdns.de\/wp-content\/uploads\/2019\/07\/2019-07-03-12-50-40-300x225.jpg 300w, https:\/\/macke.spdns.de\/wp-content\/uploads\/2019\/07\/2019-07-03-12-50-40-150x113.jpg 150w, https:\/\/macke.spdns.de\/wp-content\/uploads\/2019\/07\/2019-07-03-12-50-40-768x576.jpg 768w, https:\/\/macke.spdns.de\/wp-content\/uploads\/2019\/07\/2019-07-03-12-50-40.jpg 1024w\" sizes=\"auto, (max-width: 300px) 100vw, 300px\" \/><\/a><\/p>\n<p>Hier ist im Rother Wanderf\u00fchrer noch ein kurzer Umweg beschrieben, die Stra\u00dfe Schweizerm\u00fchle aufw\u00e4rts und dann zur\u00fcck zur Stra\u00dfe (L8741). Ich gehe diesen zus\u00e4tzlichen Weg, biege aber leider zu fr\u00fch Richtung Stra\u00dfe ab und verpasse dadurch die kleine Bastei, den Rosengarten und den Berthablick. Ein Grund noch einmal wieder zu kommen.<\/p>\n<div id=\"tsmap_1\"  style=\"width: 100%; height: 480px; max-width: 100%\"><\/div>\n","protected":false},"excerpt":{"rendered":"<p>Am Samstag haben wir die Wanderung im Bielatal kurz hinter der Johanniswacht unterbrochen. Wir sind der Stra\u00dfe zum Parkplatz neben der Bushaltestelle Schweizerm\u00fchle gefolgt, weil wir nicht wieder auf der anderen Talseite die Berge erklimmen wollten. Ich hatte Samstag schon die Vermutung, dass uns damit der sch\u00f6nere Teil des Weges entgeht. Heute gehe ich vom [&hellip;]<\/p>\n","protected":false},"author":1,"featured_media":0,"comment_status":"closed","ping_status":"open","sticky":false,"template":"","format":"gallery","meta":{"footnotes":""},"categories":[22],"tags":[],"class_list":["post-2033","post","type-post","status-publish","format-gallery","hentry","category-saechsischeschweiz","post_format-post-format-gallery"],"_links":{"self":[{"href":"https:\/\/macke.spdns.de\/index.php?rest_route=\/wp\/v2\/posts\/2033","targetHints":{"allow":["GET"]}}],"collection":[{"href":"https:\/\/macke.spdns.de\/index.php?rest_route=\/wp\/v2\/posts"}],"about":[{"href":"https:\/\/macke.spdns.de\/index.php?rest_route=\/wp\/v2\/types\/post"}],"author":[{"embeddable":true,"href":"https:\/\/macke.spdns.de\/index.php?rest_route=\/wp\/v2\/users\/1"}],"replies":[{"embeddable":true,"href":"https:\/\/macke.spdns.de\/index.php?rest_route=%2Fwp%2Fv2%2Fcomments&post=2033"}],"version-history":[{"count":0,"href":"https:\/\/macke.spdns.de\/index.php?rest_route=\/wp\/v2\/posts\/2033\/revisions"}],"wp:attachment":[{"href":"https:\/\/macke.spdns.de\/index.php?rest_route=%2Fwp%2Fv2%2Fmedia&parent=2033"}],"wp:term":[{"taxonomy":"category","embeddable":true,"href":"https:\/\/macke.spdns.de\/index.php?rest_route=%2Fwp%2Fv2%2Fcategories&post=2033"},{"taxonomy":"post_tag","embeddable":true,"href":"https:\/\/macke.spdns.de\/index.php?rest_route=%2Fwp%2Fv2%2Ftags&post=2033"}],"curies":[{"name":"wp","href":"https:\/\/api.w.org\/{rel}","templated":true}]}}