{"id":1979,"date":"2019-06-30T22:37:00","date_gmt":"2019-06-30T20:37:00","guid":{"rendered":"https:\/\/macke.spdns.de\/?p=1979"},"modified":"2021-06-22T19:17:02","modified_gmt":"2021-06-22T17:17:02","slug":"bastei","status":"publish","type":"post","link":"https:\/\/macke.spdns.de\/?p=1979","title":{"rendered":"Bastei"},"content":{"rendered":"<p>Gerrit muss morgen ja wieder arbeiten und deshalb nachmittags mit dem Zug abfahren. Eine gro\u00dfe Wanderung ist deshalb heute nicht mehr m\u00f6glich. So beschlie\u00dfen wir gem\u00fctlich zu fr\u00fchst\u00fccken und dann mit dem Auto zur Bastei hoch zu fahren. Das wollte ich zwar nie tun und habe mich immer \u00fcber die Badelatschentr\u00e4ger auf der Basteibr\u00fccke lustig gemacht, aber heute gehts eben aus Zeitgr\u00fcnden nicht anders. Es ist heute aber auch noch so warm, dass der Aufstieg von Rathen aus eine Qual\u00a0 geworden w\u00e4re. Mehr als zwei Entschuldigungen braucht doch kein Mensch.<\/p>\n<p>Hier noch ein paar Bilder der Bastei und der Felsenburg Neurathen.<\/p>\n<p><a href=\"http:\/\/macke.spdns.de\/wp-content\/uploads\/2019\/07\/2019-06-30-11-07-34.jpg\"><img loading=\"lazy\" decoding=\"async\" class=\"alignnone size-medium wp-image-1973\" src=\"http:\/\/macke.spdns.de\/wp-content\/uploads\/2019\/07\/2019-06-30-11-07-34-300x225.jpg\" alt=\"\" width=\"300\" height=\"225\" srcset=\"https:\/\/macke.spdns.de\/wp-content\/uploads\/2019\/07\/2019-06-30-11-07-34-300x225.jpg 300w, https:\/\/macke.spdns.de\/wp-content\/uploads\/2019\/07\/2019-06-30-11-07-34-150x113.jpg 150w, https:\/\/macke.spdns.de\/wp-content\/uploads\/2019\/07\/2019-06-30-11-07-34-768x576.jpg 768w, https:\/\/macke.spdns.de\/wp-content\/uploads\/2019\/07\/2019-06-30-11-07-34.jpg 1024w\" sizes=\"auto, (max-width: 300px) 100vw, 300px\" \/><\/a> <a href=\"http:\/\/macke.spdns.de\/wp-content\/uploads\/2019\/07\/2019-06-30-11-12-12.jpg\"><img loading=\"lazy\" decoding=\"async\" class=\"alignnone size-medium wp-image-1975\" src=\"http:\/\/macke.spdns.de\/wp-content\/uploads\/2019\/07\/2019-06-30-11-12-12-300x225.jpg\" alt=\"\" width=\"300\" height=\"225\" srcset=\"https:\/\/macke.spdns.de\/wp-content\/uploads\/2019\/07\/2019-06-30-11-12-12-300x225.jpg 300w, https:\/\/macke.spdns.de\/wp-content\/uploads\/2019\/07\/2019-06-30-11-12-12-150x113.jpg 150w, https:\/\/macke.spdns.de\/wp-content\/uploads\/2019\/07\/2019-06-30-11-12-12-768x576.jpg 768w, https:\/\/macke.spdns.de\/wp-content\/uploads\/2019\/07\/2019-06-30-11-12-12.jpg 1024w\" sizes=\"auto, (max-width: 300px) 100vw, 300px\" \/><\/a> <a href=\"http:\/\/macke.spdns.de\/wp-content\/uploads\/2019\/07\/2019-06-30-11-53-17.jpg\"><img loading=\"lazy\" decoding=\"async\" class=\"alignnone size-medium wp-image-1977\" src=\"http:\/\/macke.spdns.de\/wp-content\/uploads\/2019\/07\/2019-06-30-11-53-17-300x225.jpg\" alt=\"\" width=\"300\" height=\"225\" srcset=\"https:\/\/macke.spdns.de\/wp-content\/uploads\/2019\/07\/2019-06-30-11-53-17-300x225.jpg 300w, https:\/\/macke.spdns.de\/wp-content\/uploads\/2019\/07\/2019-06-30-11-53-17-150x113.jpg 150w, https:\/\/macke.spdns.de\/wp-content\/uploads\/2019\/07\/2019-06-30-11-53-17-768x576.jpg 768w, https:\/\/macke.spdns.de\/wp-content\/uploads\/2019\/07\/2019-06-30-11-53-17.jpg 1024w\" sizes=\"auto, (max-width: 300px) 100vw, 300px\" \/><\/a><\/p>\n<p>Nach dem Besuch der Bastei bringe ich Gerrit nach Pirna zum Bahnhof und kehre zum Campingplatz zur\u00fcck. Morgen soll es zur Stadtbesichtigung nach Dresden gehen. Von Dresden hatte ich bei meinen vorhergehenden Besuchen noch nichts gesehen. Das soll sich morgen \u00e4ndern.<\/p>\n","protected":false},"excerpt":{"rendered":"<p>Gerrit muss morgen ja wieder arbeiten und deshalb nachmittags mit dem Zug abfahren. Eine gro\u00dfe Wanderung ist deshalb heute nicht mehr m\u00f6glich. So beschlie\u00dfen wir gem\u00fctlich zu fr\u00fchst\u00fccken und dann mit dem Auto zur Bastei hoch zu fahren. Das wollte ich zwar nie tun und habe mich immer \u00fcber die Badelatschentr\u00e4ger auf der Basteibr\u00fccke lustig [&hellip;]<\/p>\n","protected":false},"author":1,"featured_media":0,"comment_status":"closed","ping_status":"open","sticky":false,"template":"","format":"gallery","meta":{"footnotes":""},"categories":[22],"tags":[],"class_list":["post-1979","post","type-post","status-publish","format-gallery","hentry","category-saechsischeschweiz","post_format-post-format-gallery"],"_links":{"self":[{"href":"https:\/\/macke.spdns.de\/index.php?rest_route=\/wp\/v2\/posts\/1979","targetHints":{"allow":["GET"]}}],"collection":[{"href":"https:\/\/macke.spdns.de\/index.php?rest_route=\/wp\/v2\/posts"}],"about":[{"href":"https:\/\/macke.spdns.de\/index.php?rest_route=\/wp\/v2\/types\/post"}],"author":[{"embeddable":true,"href":"https:\/\/macke.spdns.de\/index.php?rest_route=\/wp\/v2\/users\/1"}],"replies":[{"embeddable":true,"href":"https:\/\/macke.spdns.de\/index.php?rest_route=%2Fwp%2Fv2%2Fcomments&post=1979"}],"version-history":[{"count":0,"href":"https:\/\/macke.spdns.de\/index.php?rest_route=\/wp\/v2\/posts\/1979\/revisions"}],"wp:attachment":[{"href":"https:\/\/macke.spdns.de\/index.php?rest_route=%2Fwp%2Fv2%2Fmedia&parent=1979"}],"wp:term":[{"taxonomy":"category","embeddable":true,"href":"https:\/\/macke.spdns.de\/index.php?rest_route=%2Fwp%2Fv2%2Fcategories&post=1979"},{"taxonomy":"post_tag","embeddable":true,"href":"https:\/\/macke.spdns.de\/index.php?rest_route=%2Fwp%2Fv2%2Ftags&post=1979"}],"curies":[{"name":"wp","href":"https:\/\/api.w.org\/{rel}","templated":true}]}}