{"id":1956,"date":"2019-06-28T21:25:00","date_gmt":"2019-06-28T19:25:00","guid":{"rendered":"https:\/\/macke.spdns.de\/?p=1956"},"modified":"2021-06-22T19:22:40","modified_gmt":"2021-06-22T17:22:40","slug":"spaziergang-von-kurort-rathen-nach-stadt-wehlen","status":"publish","type":"post","link":"https:\/\/macke.spdns.de\/?p=1956","title":{"rendered":"Spaziergang von Kurort Rathen nach Stadt Wehlen"},"content":{"rendered":"<p>Heute schlafe ich erst mal aus. Ich bin ja im Urlaub und nicht auf der Flucht. Die \u201cWanderstrecke\u201d f\u00fcr heute nur etwa 5 km lang.<\/p>\n<p>Gerrit kommt heute mit dem Zug aus Kassel an. Ich hatte mit ihm besprochen bis Kurort Rathen zu fahren und dort w\u00fcrde ich ihn am Bahnhof abholen. Ich fahre also mit dem Auto bis Kurort Rathen, parke dort auf dem gro\u00dfen Parkplatz direkt an der Elbe und setze dann mit den Hunden auf der F\u00e4hre \u00fcber die Elbe, die hier etwa so breit ist wie die Weser in Holzminden. Von der F\u00e4hre aus kann man schon einige der Aussichtspunkte der Bastei sehen. Hier w\u00fcrde ja auch der Aufstieg zur Bastei beginnen, den Johannes und ich bereits im letzten Jahr gemacht haben.<\/p>\n<p><a href=\"http:\/\/macke.spdns.de\/wp-content\/uploads\/2019\/07\/2019-06-28-14-41-33.jpg\"><img loading=\"lazy\" decoding=\"async\" class=\"alignnone size-medium wp-image-1944\" src=\"http:\/\/macke.spdns.de\/wp-content\/uploads\/2019\/07\/2019-06-28-14-41-33-300x225.jpg\" alt=\"\" width=\"300\" height=\"225\" srcset=\"https:\/\/macke.spdns.de\/wp-content\/uploads\/2019\/07\/2019-06-28-14-41-33-300x225.jpg 300w, https:\/\/macke.spdns.de\/wp-content\/uploads\/2019\/07\/2019-06-28-14-41-33-150x113.jpg 150w, https:\/\/macke.spdns.de\/wp-content\/uploads\/2019\/07\/2019-06-28-14-41-33-768x576.jpg 768w, https:\/\/macke.spdns.de\/wp-content\/uploads\/2019\/07\/2019-06-28-14-41-33.jpg 1024w\" sizes=\"auto, (max-width: 300px) 100vw, 300px\" \/><\/a><\/p>\n<p>Auf der anderen Elbeseite angekommen, verlasse ich die F\u00e4hre und mache mich sogleich auf den Weg in Richtung Stadt Wehlen. Es ist ziemlich warm heute und aus diesem Grund gehe ich h\u00e4ufig zur Elbe hinunter um den Hunden eine Erfrischung zu g\u00f6nnen. Emil setzt die W\u00e4rme trotzdem ganz sch\u00f6n zu und er wird immer langsamer. Kurz vor Stadt Wehlen kehre ich in ein Caf\u00e8 ein und genehmige mir unter schattenspendenden B\u00e4umen ein St\u00fcck hausgebackenen Kuchen.<\/p>\n<p><a href=\"http:\/\/macke.spdns.de\/wp-content\/uploads\/2019\/07\/2019-06-28-15-31-04.jpg\"><img loading=\"lazy\" decoding=\"async\" class=\"alignnone size-medium wp-image-1950\" src=\"http:\/\/macke.spdns.de\/wp-content\/uploads\/2019\/07\/2019-06-28-15-31-04-300x225.jpg\" alt=\"\" width=\"300\" height=\"225\" srcset=\"https:\/\/macke.spdns.de\/wp-content\/uploads\/2019\/07\/2019-06-28-15-31-04-300x225.jpg 300w, https:\/\/macke.spdns.de\/wp-content\/uploads\/2019\/07\/2019-06-28-15-31-04-150x113.jpg 150w, https:\/\/macke.spdns.de\/wp-content\/uploads\/2019\/07\/2019-06-28-15-31-04-768x576.jpg 768w, https:\/\/macke.spdns.de\/wp-content\/uploads\/2019\/07\/2019-06-28-15-31-04.jpg 1024w\" sizes=\"auto, (max-width: 300px) 100vw, 300px\" \/><\/a><\/p>\n<p>In Wehlen angekommen sehe ich noch ein wenig bei den Aufbauarbeiten f\u00fcr einen Mittelaltermarkt zu und setze dann wieder mit der F\u00e4hre \u00fcber auf die andere Elbeseite, gehe zum Bahnhof und steige in den Zug in dem Gerrit sitzt. Ich rechne ja nicht damit, dass wir ihn im Zug \u00fcberraschen k\u00f6nnen, weil es nur 3 Minuten Fahrzeit sind von Stadt Wehlen bis Kurort Rathen und ich in der Zeit h\u00f6chstens zwei der doppelst\u00f6ckigen Waggons ablaufen kann, aber es klappt trotzdem.<\/p>\n<p>Auf der R\u00fcckfahrt von Rathen nach Hohnstein lasse ich noch etwas den Stadtf\u00fchrer raush\u00e4ngen und abends gehen wir dann im Hotel zur Aussicht (der Name h\u00e4lt was er verspricht) in Hohenstein essen.<\/p>\n<p><a href=\"http:\/\/macke.spdns.de\/wp-content\/uploads\/2019\/07\/2019-06-28-20-16-06.jpg\"><img loading=\"lazy\" decoding=\"async\" class=\"alignnone size-medium wp-image-1954\" src=\"http:\/\/macke.spdns.de\/wp-content\/uploads\/2019\/07\/2019-06-28-20-16-06-300x225.jpg\" alt=\"\" width=\"300\" height=\"225\" srcset=\"https:\/\/macke.spdns.de\/wp-content\/uploads\/2019\/07\/2019-06-28-20-16-06-300x225.jpg 300w, https:\/\/macke.spdns.de\/wp-content\/uploads\/2019\/07\/2019-06-28-20-16-06-150x113.jpg 150w, https:\/\/macke.spdns.de\/wp-content\/uploads\/2019\/07\/2019-06-28-20-16-06-768x576.jpg 768w, https:\/\/macke.spdns.de\/wp-content\/uploads\/2019\/07\/2019-06-28-20-16-06.jpg 1024w\" sizes=\"auto, (max-width: 300px) 100vw, 300px\" \/><\/a><\/p>\n<div id=\"tsmap_1\"  style=\"width: 100%; height: 480px; max-width: 100%\"><\/div>\n","protected":false},"excerpt":{"rendered":"<p>Heute schlafe ich erst mal aus. Ich bin ja im Urlaub und nicht auf der Flucht. Die \u201cWanderstrecke\u201d f\u00fcr heute nur etwa 5 km lang. Gerrit kommt heute mit dem Zug aus Kassel an. Ich hatte mit ihm besprochen bis Kurort Rathen zu fahren und dort w\u00fcrde ich ihn am Bahnhof abholen. Ich fahre also [&hellip;]<\/p>\n","protected":false},"author":1,"featured_media":0,"comment_status":"closed","ping_status":"open","sticky":false,"template":"","format":"gallery","meta":{"footnotes":""},"categories":[22],"tags":[],"class_list":["post-1956","post","type-post","status-publish","format-gallery","hentry","category-saechsischeschweiz","post_format-post-format-gallery"],"_links":{"self":[{"href":"https:\/\/macke.spdns.de\/index.php?rest_route=\/wp\/v2\/posts\/1956","targetHints":{"allow":["GET"]}}],"collection":[{"href":"https:\/\/macke.spdns.de\/index.php?rest_route=\/wp\/v2\/posts"}],"about":[{"href":"https:\/\/macke.spdns.de\/index.php?rest_route=\/wp\/v2\/types\/post"}],"author":[{"embeddable":true,"href":"https:\/\/macke.spdns.de\/index.php?rest_route=\/wp\/v2\/users\/1"}],"replies":[{"embeddable":true,"href":"https:\/\/macke.spdns.de\/index.php?rest_route=%2Fwp%2Fv2%2Fcomments&post=1956"}],"version-history":[{"count":0,"href":"https:\/\/macke.spdns.de\/index.php?rest_route=\/wp\/v2\/posts\/1956\/revisions"}],"wp:attachment":[{"href":"https:\/\/macke.spdns.de\/index.php?rest_route=%2Fwp%2Fv2%2Fmedia&parent=1956"}],"wp:term":[{"taxonomy":"category","embeddable":true,"href":"https:\/\/macke.spdns.de\/index.php?rest_route=%2Fwp%2Fv2%2Fcategories&post=1956"},{"taxonomy":"post_tag","embeddable":true,"href":"https:\/\/macke.spdns.de\/index.php?rest_route=%2Fwp%2Fv2%2Ftags&post=1956"}],"curies":[{"name":"wp","href":"https:\/\/api.w.org\/{rel}","templated":true}]}}