{"id":1828,"date":"2019-05-30T19:31:36","date_gmt":"2019-05-30T17:31:36","guid":{"rendered":"https:\/\/macke.spdns.de\/?p=1828"},"modified":"2021-06-22T19:28:29","modified_gmt":"2021-06-22T17:28:29","slug":"erster-lueckenschluss-e1","status":"publish","type":"post","link":"https:\/\/macke.spdns.de\/?p=1828","title":{"rendered":"Erster L\u00fcckenschluss E1"},"content":{"rendered":"\r\n<h3 class=\"wp-block-heading\">(Hameln &#8211; Waldquelle Aerzen)<\/h3>\r\n\r\n\r\n\r\n<p>Dieses St\u00fcck des E1 fehlt mir ja noch. Als die Wandertruppe diese Etappe gegangen ist, wurde der Hund krank und ich musste die Wanderung f\u00fcr einen Tag unterbrechen.<\/p>\r\n\r\n\r\n\r\n<p>Damit ich die Nachwanderung nicht so alleine gehen muss begleiten Linus und die beiden Hunde mich. Die Etappe startet am Hamelner Bahnhof und f\u00fchrt uns zun\u00e4chst durch Stra\u00dfen, H\u00e4userschluchten und die Fu\u00dfg\u00e4ngerzone. Hier ist heute am Vatertag viel Betrieb und ich freue mich schon auf die ruhigeren Teile der Wanderung. Die Weser \u00fcberqueren wir \u00fcber die M\u00fcnsterbr\u00fccke und gehen Richtung Kl\u00fct. Vom Finkenborner Weg an geht es steil bergauf in den Wald hinein, vorbei am Wilhelm Heise Denkmal.<\/p>\r\n<div id=\"attachment_1802\" style=\"width: 310px\" class=\"wp-caption alignnone\"><a href=\"http:\/\/macke.spdns.de\/wp-content\/uploads\/2019\/06\/2019-05-30-10-50-22.jpg\"><img loading=\"lazy\" decoding=\"async\" aria-describedby=\"caption-attachment-1802\" class=\"size-medium wp-image-1802\" src=\"http:\/\/macke.spdns.de\/wp-content\/uploads\/2019\/06\/2019-05-30-10-50-22-300x225.jpg\" alt=\"\" width=\"300\" height=\"225\" srcset=\"https:\/\/macke.spdns.de\/wp-content\/uploads\/2019\/06\/2019-05-30-10-50-22-300x225.jpg 300w, https:\/\/macke.spdns.de\/wp-content\/uploads\/2019\/06\/2019-05-30-10-50-22-150x113.jpg 150w, https:\/\/macke.spdns.de\/wp-content\/uploads\/2019\/06\/2019-05-30-10-50-22-768x576.jpg 768w, https:\/\/macke.spdns.de\/wp-content\/uploads\/2019\/06\/2019-05-30-10-50-22-1024x768.jpg 1024w\" sizes=\"auto, (max-width: 300px) 100vw, 300px\" \/><\/a><p id=\"caption-attachment-1802\" class=\"wp-caption-text\">Wilh. Heise Denkmal<\/p><\/div>\r\n<p>Sehr steil geht es von dort weiter bergan \u00fcber unbefestigte Wege und Wurzeln bis zum Kl\u00fctturm, der leider heute geschlossen ist und deshalb nicht erstiegen werden kann.<\/p>\r\n<div id=\"attachment_1804\" style=\"width: 310px\" class=\"wp-caption alignnone\"><a href=\"http:\/\/macke.spdns.de\/wp-content\/uploads\/2019\/06\/2019-05-30-11-14-53.jpg\"><img loading=\"lazy\" decoding=\"async\" aria-describedby=\"caption-attachment-1804\" class=\"size-medium wp-image-1804\" src=\"http:\/\/macke.spdns.de\/wp-content\/uploads\/2019\/06\/2019-05-30-11-14-53-300x225.jpg\" alt=\"\" width=\"300\" height=\"225\" srcset=\"https:\/\/macke.spdns.de\/wp-content\/uploads\/2019\/06\/2019-05-30-11-14-53-300x225.jpg 300w, https:\/\/macke.spdns.de\/wp-content\/uploads\/2019\/06\/2019-05-30-11-14-53-150x113.jpg 150w, https:\/\/macke.spdns.de\/wp-content\/uploads\/2019\/06\/2019-05-30-11-14-53-768x576.jpg 768w, https:\/\/macke.spdns.de\/wp-content\/uploads\/2019\/06\/2019-05-30-11-14-53-1024x768.jpg 1024w\" sizes=\"auto, (max-width: 300px) 100vw, 300px\" \/><\/a><p id=\"caption-attachment-1804\" class=\"wp-caption-text\">Kl\u00fctturm<\/p><\/div>\r\n<p>Am Turm machen wir eine erste Pause und essen unsere mitgebrachten Brote. Wir machen ein paar Fotos von der Umgebung und vom Wesertal Richtung Hameln und Pyrmont.<\/p>\r\n<div id=\"attachment_1805\" style=\"width: 310px\" class=\"wp-caption alignnone\"><a href=\"http:\/\/macke.spdns.de\/wp-content\/uploads\/2019\/06\/2019-05-30-11-18-46.jpg\"><img loading=\"lazy\" decoding=\"async\" aria-describedby=\"caption-attachment-1805\" class=\"size-medium wp-image-1805\" src=\"http:\/\/macke.spdns.de\/wp-content\/uploads\/2019\/06\/2019-05-30-11-18-46-300x225.jpg\" alt=\"\" width=\"300\" height=\"225\" srcset=\"https:\/\/macke.spdns.de\/wp-content\/uploads\/2019\/06\/2019-05-30-11-18-46-300x225.jpg 300w, https:\/\/macke.spdns.de\/wp-content\/uploads\/2019\/06\/2019-05-30-11-18-46-150x113.jpg 150w, https:\/\/macke.spdns.de\/wp-content\/uploads\/2019\/06\/2019-05-30-11-18-46-768x576.jpg 768w, https:\/\/macke.spdns.de\/wp-content\/uploads\/2019\/06\/2019-05-30-11-18-46-1024x768.jpg 1024w\" sizes=\"auto, (max-width: 300px) 100vw, 300px\" \/><\/a><p id=\"caption-attachment-1805\" class=\"wp-caption-text\">Linus<\/p><\/div>\r\n<div id=\"attachment_1808\" style=\"width: 310px\" class=\"wp-caption alignnone\"><a href=\"http:\/\/macke.spdns.de\/wp-content\/uploads\/2019\/06\/2019-05-30-11-25-42.jpg\"><img loading=\"lazy\" decoding=\"async\" aria-describedby=\"caption-attachment-1808\" class=\"size-medium wp-image-1808\" src=\"http:\/\/macke.spdns.de\/wp-content\/uploads\/2019\/06\/2019-05-30-11-25-42-300x225.jpg\" alt=\"\" width=\"300\" height=\"225\" srcset=\"https:\/\/macke.spdns.de\/wp-content\/uploads\/2019\/06\/2019-05-30-11-25-42-300x225.jpg 300w, https:\/\/macke.spdns.de\/wp-content\/uploads\/2019\/06\/2019-05-30-11-25-42-150x113.jpg 150w, https:\/\/macke.spdns.de\/wp-content\/uploads\/2019\/06\/2019-05-30-11-25-42-768x576.jpg 768w, https:\/\/macke.spdns.de\/wp-content\/uploads\/2019\/06\/2019-05-30-11-25-42-1024x768.jpg 1024w\" sizes=\"auto, (max-width: 300px) 100vw, 300px\" \/><\/a><p id=\"caption-attachment-1808\" class=\"wp-caption-text\">Wangelist und Klein Berkel<\/p><\/div>\r\n\r\n\r\n\r\n\r\n\r\n\r\n\r\n\r\n\r\n\r\n\r\n\r\n\r\n\r\n\r\n\r\n\r\n<div id=\"attachment_1807\" style=\"width: 310px\" class=\"wp-caption alignnone\"><a href=\"http:\/\/macke.spdns.de\/wp-content\/uploads\/2019\/06\/2019-05-30-11-20-24.jpg\"><img loading=\"lazy\" decoding=\"async\" aria-describedby=\"caption-attachment-1807\" class=\"size-medium wp-image-1807\" src=\"http:\/\/macke.spdns.de\/wp-content\/uploads\/2019\/06\/2019-05-30-11-20-24-300x225.jpg\" alt=\"\" width=\"300\" height=\"225\" srcset=\"https:\/\/macke.spdns.de\/wp-content\/uploads\/2019\/06\/2019-05-30-11-20-24-300x225.jpg 300w, https:\/\/macke.spdns.de\/wp-content\/uploads\/2019\/06\/2019-05-30-11-20-24-150x113.jpg 150w, https:\/\/macke.spdns.de\/wp-content\/uploads\/2019\/06\/2019-05-30-11-20-24-768x576.jpg 768w, https:\/\/macke.spdns.de\/wp-content\/uploads\/2019\/06\/2019-05-30-11-20-24-1024x768.jpg 1024w\" sizes=\"auto, (max-width: 300px) 100vw, 300px\" \/><\/a><p id=\"caption-attachment-1807\" class=\"wp-caption-text\">Brunnen in der N\u00e4he des Kl\u00fctturms<\/p><\/div>\r\n<div id=\"attachment_1803\" style=\"width: 310px\" class=\"wp-caption alignnone\"><a href=\"http:\/\/macke.spdns.de\/wp-content\/uploads\/2019\/06\/2019-05-30-11-12-55.jpg\"><img loading=\"lazy\" decoding=\"async\" aria-describedby=\"caption-attachment-1803\" class=\"size-medium wp-image-1803\" src=\"http:\/\/macke.spdns.de\/wp-content\/uploads\/2019\/06\/2019-05-30-11-12-55-300x225.jpg\" alt=\"\" width=\"300\" height=\"225\" srcset=\"https:\/\/macke.spdns.de\/wp-content\/uploads\/2019\/06\/2019-05-30-11-12-55-300x225.jpg 300w, https:\/\/macke.spdns.de\/wp-content\/uploads\/2019\/06\/2019-05-30-11-12-55-150x113.jpg 150w, https:\/\/macke.spdns.de\/wp-content\/uploads\/2019\/06\/2019-05-30-11-12-55-768x576.jpg 768w, https:\/\/macke.spdns.de\/wp-content\/uploads\/2019\/06\/2019-05-30-11-12-55-1024x768.jpg 1024w\" sizes=\"auto, (max-width: 300px) 100vw, 300px\" \/><\/a><p id=\"caption-attachment-1803\" class=\"wp-caption-text\">Hameln<\/p><\/div>\r\n<p>Vom Kl\u00fctturm erreichen wir bergab gehend, nach einiger Zeit Dehrenberg. Linus, dem ich zu langsam gehe, erwartet mich auf einer Bank unter der Dorflinde sitzend. Kora braucht auch eine Pause, weil sie st\u00e4ndig versucht das Rudel zusammen zu halten und zwischen der Spitzengruppe (Linus) und dem Nachz\u00fcgler (Leo) hin und her l\u00e4uft. Trotzdem muss der obligatorische Stock nat\u00fcrlich mit.<\/p>\r\n\r\n\r\n\r\n<div id=\"attachment_1809\" style=\"width: 310px\" class=\"wp-caption alignnone\"><a href=\"http:\/\/macke.spdns.de\/wp-content\/uploads\/2019\/06\/2019-05-30-13-00-57.jpg\"><img loading=\"lazy\" decoding=\"async\" aria-describedby=\"caption-attachment-1809\" class=\"size-medium wp-image-1809\" src=\"http:\/\/macke.spdns.de\/wp-content\/uploads\/2019\/06\/2019-05-30-13-00-57-300x225.jpg\" alt=\"\" width=\"300\" height=\"225\" srcset=\"https:\/\/macke.spdns.de\/wp-content\/uploads\/2019\/06\/2019-05-30-13-00-57-300x225.jpg 300w, https:\/\/macke.spdns.de\/wp-content\/uploads\/2019\/06\/2019-05-30-13-00-57-150x113.jpg 150w, https:\/\/macke.spdns.de\/wp-content\/uploads\/2019\/06\/2019-05-30-13-00-57-768x576.jpg 768w, https:\/\/macke.spdns.de\/wp-content\/uploads\/2019\/06\/2019-05-30-13-00-57-1024x768.jpg 1024w\" sizes=\"auto, (max-width: 300px) 100vw, 300px\" \/><\/a><p id=\"caption-attachment-1809\" class=\"wp-caption-text\">Dorflinde Dehrenberg<\/p><\/div>\r\n\r\n\r\n\r\n<p>Von Dehrenberg geht es weiter bergab nach K\u00f6nigsf\u00f6rde und dann noch einmal bergan zur Waldquelle bzw. zum Hotel Waldquelle. Hier endet die vers\u00e4umte Etappe und auch unsere heutige Wanderung nach etwa 15 Kilometern.<\/p>\r\n\r\n\r\n\r\n<div id=\"tsmap_1\"  style=\"width: 100%; height: 480px; max-width: 100%\"><\/div>\r\n","protected":false},"excerpt":{"rendered":"<p>(Hameln &#8211; Waldquelle Aerzen) Dieses St\u00fcck des E1 fehlt mir ja noch. Als die Wandertruppe diese Etappe gegangen ist, wurde der Hund krank und ich musste die Wanderung f\u00fcr einen Tag unterbrechen. Damit ich die Nachwanderung nicht so alleine gehen muss begleiten Linus und die beiden Hunde mich. Die Etappe startet am Hamelner Bahnhof und [&hellip;]<\/p>\n","protected":false},"author":1,"featured_media":0,"comment_status":"closed","ping_status":"open","sticky":false,"template":"","format":"gallery","meta":{"footnotes":""},"categories":[9,19],"tags":[],"class_list":["post-1828","post","type-post","status-publish","format-gallery","hentry","category-draussen-und-unterwegs","category-e1","post_format-post-format-gallery"],"_links":{"self":[{"href":"https:\/\/macke.spdns.de\/index.php?rest_route=\/wp\/v2\/posts\/1828","targetHints":{"allow":["GET"]}}],"collection":[{"href":"https:\/\/macke.spdns.de\/index.php?rest_route=\/wp\/v2\/posts"}],"about":[{"href":"https:\/\/macke.spdns.de\/index.php?rest_route=\/wp\/v2\/types\/post"}],"author":[{"embeddable":true,"href":"https:\/\/macke.spdns.de\/index.php?rest_route=\/wp\/v2\/users\/1"}],"replies":[{"embeddable":true,"href":"https:\/\/macke.spdns.de\/index.php?rest_route=%2Fwp%2Fv2%2Fcomments&post=1828"}],"version-history":[{"count":0,"href":"https:\/\/macke.spdns.de\/index.php?rest_route=\/wp\/v2\/posts\/1828\/revisions"}],"wp:attachment":[{"href":"https:\/\/macke.spdns.de\/index.php?rest_route=%2Fwp%2Fv2%2Fmedia&parent=1828"}],"wp:term":[{"taxonomy":"category","embeddable":true,"href":"https:\/\/macke.spdns.de\/index.php?rest_route=%2Fwp%2Fv2%2Fcategories&post=1828"},{"taxonomy":"post_tag","embeddable":true,"href":"https:\/\/macke.spdns.de\/index.php?rest_route=%2Fwp%2Fv2%2Ftags&post=1828"}],"curies":[{"name":"wp","href":"https:\/\/api.w.org\/{rel}","templated":true}]}}