{"id":1729,"date":"2019-01-19T22:20:04","date_gmt":"2019-01-19T21:20:04","guid":{"rendered":"https:\/\/macke.spdns.de\/?p=1729"},"modified":"2022-10-10T21:06:52","modified_gmt":"2022-10-10T19:06:52","slug":"herlingsburg-der-zweite-aufstieg","status":"publish","type":"post","link":"https:\/\/macke.spdns.de\/?p=1729","title":{"rendered":"Herlingsburg &#8211; Der zweite Aufstieg"},"content":{"rendered":"\n<p>Das Wetter war heute einfach zu gut um zuhause zu bleiben. Weil w\u00e4hrend des <a href=\"http:\/\/macke.spdns.de\/?p=1628\">letzten Aufstiegs <\/a>zur Herlingsburg mit Gerrit das Wetter ja eher regnerisch war, wollte ich heute nochmal, allerdings auf einem etwas anderen Weg hochgehen. Gestartet bin ich beim Wanderparkplatz an der Eschenbrucher Stra\u00dfe, dort wo die Stra\u00dfe Hermannstal abzweigt. Eigentlich f\u00fchrt der Mythenweg dann vor dem Wald wieder rechts bergan. Weil dort aber umgest\u00fcrzte B\u00e4ume beseitigt wurden ich bin heute den Mythenweg andersherum gegangen.  Dann ist die Ausschilderung allerdings nicht so gut zu finden.  Es ging zun\u00e4chst am Wasserwerk &#8222;L\u00fcgde&#8220; vorbei durch ziemlich dichten Wald.  <\/p>\n\n\n\n<figure class=\"wp-block-image\"><img loading=\"lazy\" decoding=\"async\" width=\"1024\" height=\"768\" src=\"http:\/\/macke.spdns.de\/wp-content\/uploads\/2019\/01\/2019-01-19-14-25-14-1024x768.jpg\" alt=\"\" class=\"wp-image-1730\" srcset=\"https:\/\/macke.spdns.de\/wp-content\/uploads\/2019\/01\/2019-01-19-14-25-14-1024x768.jpg 1024w, https:\/\/macke.spdns.de\/wp-content\/uploads\/2019\/01\/2019-01-19-14-25-14-150x113.jpg 150w, https:\/\/macke.spdns.de\/wp-content\/uploads\/2019\/01\/2019-01-19-14-25-14-300x225.jpg 300w, https:\/\/macke.spdns.de\/wp-content\/uploads\/2019\/01\/2019-01-19-14-25-14-768x576.jpg 768w\" sizes=\"auto, (max-width: 1024px) 100vw, 1024px\" \/><\/figure>\n\n\n\n<p>Kurz hinter der Abzweigung Bomhof wird der Wald lichter, was an den an den z. Zt. kahlen Laubb\u00e4umen liegt. Nachdem ich kurze Zeit sp\u00e4ter auf den X6 abgebogen bin kann ich oft \u00fcber das Tal hinweg und etwas sp\u00e4ter auch bis nach Eschenbruch blicken. <\/p>\n\n\n\n<figure class=\"wp-block-image\"><img loading=\"lazy\" decoding=\"async\" width=\"1024\" height=\"768\" src=\"http:\/\/macke.spdns.de\/wp-content\/uploads\/2019\/01\/2019-01-19-14-43-26-1024x768.jpg\" alt=\"\" class=\"wp-image-1731\" srcset=\"https:\/\/macke.spdns.de\/wp-content\/uploads\/2019\/01\/2019-01-19-14-43-26-1024x768.jpg 1024w, https:\/\/macke.spdns.de\/wp-content\/uploads\/2019\/01\/2019-01-19-14-43-26-150x113.jpg 150w, https:\/\/macke.spdns.de\/wp-content\/uploads\/2019\/01\/2019-01-19-14-43-26-300x225.jpg 300w, https:\/\/macke.spdns.de\/wp-content\/uploads\/2019\/01\/2019-01-19-14-43-26-768x576.jpg 768w\" sizes=\"auto, (max-width: 1024px) 100vw, 1024px\" \/><\/figure>\n\n\n\n<p>Kurze Zeit sp\u00e4ter musste ich noch einen etwas steileren Aufstieg machen um zum Nordtor der Herlingsburg zu gelangen. Hinter dem Tor bin ich dann rechts abgebogen und an dem heute noch gut sichtbaren Erdwall der Burg entlanggegangen. Von da aus hatte ich immer wieder sch\u00f6ne Ausblicke:<\/p>\n\n\n\n<p><br><\/p>\n\n\n\n<figure class=\"wp-block-image\"><img loading=\"lazy\" decoding=\"async\" width=\"2592\" height=\"1944\" src=\"http:\/\/macke.spdns.de\/wp-content\/uploads\/2019\/01\/2019-01-19-15-16-21.jpg\" alt=\"\" class=\"wp-image-1732\" srcset=\"https:\/\/macke.spdns.de\/wp-content\/uploads\/2019\/01\/2019-01-19-15-16-21.jpg 2592w, https:\/\/macke.spdns.de\/wp-content\/uploads\/2019\/01\/2019-01-19-15-16-21-150x113.jpg 150w, https:\/\/macke.spdns.de\/wp-content\/uploads\/2019\/01\/2019-01-19-15-16-21-300x225.jpg 300w, https:\/\/macke.spdns.de\/wp-content\/uploads\/2019\/01\/2019-01-19-15-16-21-768x576.jpg 768w, https:\/\/macke.spdns.de\/wp-content\/uploads\/2019\/01\/2019-01-19-15-16-21-1024x768.jpg 1024w\" sizes=\"auto, (max-width: 2592px) 100vw, 2592px\" \/><figcaption>Blick ins Emmertal<\/figcaption><\/figure>\n\n\n\n<figure class=\"wp-block-image\"><img loading=\"lazy\" decoding=\"async\" width=\"1024\" height=\"768\" src=\"http:\/\/macke.spdns.de\/wp-content\/uploads\/2019\/01\/2019-01-19-15-18-09-1024x768.jpg\" alt=\"\" class=\"wp-image-1733\" srcset=\"https:\/\/macke.spdns.de\/wp-content\/uploads\/2019\/01\/2019-01-19-15-18-09-1024x768.jpg 1024w, https:\/\/macke.spdns.de\/wp-content\/uploads\/2019\/01\/2019-01-19-15-18-09-150x113.jpg 150w, https:\/\/macke.spdns.de\/wp-content\/uploads\/2019\/01\/2019-01-19-15-18-09-300x225.jpg 300w, https:\/\/macke.spdns.de\/wp-content\/uploads\/2019\/01\/2019-01-19-15-18-09-768x576.jpg 768w\" sizes=\"auto, (max-width: 1024px) 100vw, 1024px\" \/><figcaption>Blick zum Emmerstausee<\/figcaption><\/figure>\n\n\n\n<figure class=\"wp-block-image\"><img loading=\"lazy\" decoding=\"async\" width=\"1024\" height=\"768\" src=\"http:\/\/macke.spdns.de\/wp-content\/uploads\/2019\/01\/2019-01-19-15-18-40-1024x768.jpg\" alt=\"\" class=\"wp-image-1734\" srcset=\"https:\/\/macke.spdns.de\/wp-content\/uploads\/2019\/01\/2019-01-19-15-18-40-1024x768.jpg 1024w, https:\/\/macke.spdns.de\/wp-content\/uploads\/2019\/01\/2019-01-19-15-18-40-150x113.jpg 150w, https:\/\/macke.spdns.de\/wp-content\/uploads\/2019\/01\/2019-01-19-15-18-40-300x225.jpg 300w, https:\/\/macke.spdns.de\/wp-content\/uploads\/2019\/01\/2019-01-19-15-18-40-768x576.jpg 768w\" sizes=\"auto, (max-width: 1024px) 100vw, 1024px\" \/><figcaption>&#8230; und zur Staumauer<\/figcaption><\/figure>\n\n\n\n<figure class=\"wp-block-image\"><img loading=\"lazy\" decoding=\"async\" width=\"1024\" height=\"768\" src=\"http:\/\/macke.spdns.de\/wp-content\/uploads\/2019\/01\/2019-01-19-15-23-14-1024x768.jpg\" alt=\"\" class=\"wp-image-1735\" srcset=\"https:\/\/macke.spdns.de\/wp-content\/uploads\/2019\/01\/2019-01-19-15-23-14-1024x768.jpg 1024w, https:\/\/macke.spdns.de\/wp-content\/uploads\/2019\/01\/2019-01-19-15-23-14-150x113.jpg 150w, https:\/\/macke.spdns.de\/wp-content\/uploads\/2019\/01\/2019-01-19-15-23-14-300x225.jpg 300w, https:\/\/macke.spdns.de\/wp-content\/uploads\/2019\/01\/2019-01-19-15-23-14-768x576.jpg 768w\" sizes=\"auto, (max-width: 1024px) 100vw, 1024px\" \/><figcaption>und zum&#8230;<\/figcaption><\/figure>\n\n\n\n<figure class=\"wp-block-image\"><img loading=\"lazy\" decoding=\"async\" width=\"1024\" height=\"768\" src=\"http:\/\/macke.spdns.de\/wp-content\/uploads\/2019\/01\/2019-01-19-15-23-31-1024x768.jpg\" alt=\"\" class=\"wp-image-1736\" srcset=\"https:\/\/macke.spdns.de\/wp-content\/uploads\/2019\/01\/2019-01-19-15-23-31-1024x768.jpg 1024w, https:\/\/macke.spdns.de\/wp-content\/uploads\/2019\/01\/2019-01-19-15-23-31-150x113.jpg 150w, https:\/\/macke.spdns.de\/wp-content\/uploads\/2019\/01\/2019-01-19-15-23-31-300x225.jpg 300w, https:\/\/macke.spdns.de\/wp-content\/uploads\/2019\/01\/2019-01-19-15-23-31-768x576.jpg 768w\" sizes=\"auto, (max-width: 1024px) 100vw, 1024px\" \/><figcaption>K\u00f6terberg<\/figcaption><\/figure>\n\n\n\n<p> Nachdem ich die Burg umrundet hatte, bin ich \u00fcber den Mythenweg wieder Richtung L\u00fcgde abgestiegen. Der Weg f\u00fchrte zun\u00e4chst als Trampelpfad quer durch den Wald. Manchmal mussten die Hunde und ich dabei \u00fcber umgest\u00fcrzte B\u00e4ume steigen. Kurz nachdem wir den X6 wieder erreichten konnte ich noch einmal den Ausblick bis nach Gro\u00dfenberg und Grohnde (ok, da sieht man nur die Dampfwolken der K\u00fchlt\u00fcrme) genie\u00dfen.<\/p>\n\n\n\n<figure class=\"wp-block-image\"><img loading=\"lazy\" decoding=\"async\" width=\"1024\" height=\"768\" src=\"http:\/\/macke.spdns.de\/wp-content\/uploads\/2019\/01\/2019-01-19-15-49-28-1024x768.jpg\" alt=\"\" class=\"wp-image-1737\" srcset=\"https:\/\/macke.spdns.de\/wp-content\/uploads\/2019\/01\/2019-01-19-15-49-28-1024x768.jpg 1024w, https:\/\/macke.spdns.de\/wp-content\/uploads\/2019\/01\/2019-01-19-15-49-28-150x113.jpg 150w, https:\/\/macke.spdns.de\/wp-content\/uploads\/2019\/01\/2019-01-19-15-49-28-300x225.jpg 300w, https:\/\/macke.spdns.de\/wp-content\/uploads\/2019\/01\/2019-01-19-15-49-28-768x576.jpg 768w\" sizes=\"auto, (max-width: 1024px) 100vw, 1024px\" \/><figcaption>Blick nach Gro\u00dfenberg<\/figcaption><\/figure>\n\n\n\n<figure class=\"wp-block-image\"><img loading=\"lazy\" decoding=\"async\" width=\"1024\" height=\"768\" src=\"http:\/\/macke.spdns.de\/wp-content\/uploads\/2019\/01\/2019-01-19-15-49-33-1024x768.jpg\" alt=\"\" class=\"wp-image-1738\" srcset=\"https:\/\/macke.spdns.de\/wp-content\/uploads\/2019\/01\/2019-01-19-15-49-33-1024x768.jpg 1024w, https:\/\/macke.spdns.de\/wp-content\/uploads\/2019\/01\/2019-01-19-15-49-33-150x113.jpg 150w, https:\/\/macke.spdns.de\/wp-content\/uploads\/2019\/01\/2019-01-19-15-49-33-300x225.jpg 300w, https:\/\/macke.spdns.de\/wp-content\/uploads\/2019\/01\/2019-01-19-15-49-33-768x576.jpg 768w\" sizes=\"auto, (max-width: 1024px) 100vw, 1024px\" \/><figcaption>&#8230;und Richtung Grohnde.<\/figcaption><\/figure>\n\n\n\n<figure class=\"wp-block-image\"><img loading=\"lazy\" decoding=\"async\" width=\"1024\" height=\"768\" src=\"http:\/\/macke.spdns.de\/wp-content\/uploads\/2019\/01\/2019-01-19-15-49-47-1024x768.jpg\" alt=\"\" class=\"wp-image-1739\" srcset=\"https:\/\/macke.spdns.de\/wp-content\/uploads\/2019\/01\/2019-01-19-15-49-47-1024x768.jpg 1024w, https:\/\/macke.spdns.de\/wp-content\/uploads\/2019\/01\/2019-01-19-15-49-47-150x113.jpg 150w, https:\/\/macke.spdns.de\/wp-content\/uploads\/2019\/01\/2019-01-19-15-49-47-300x225.jpg 300w, https:\/\/macke.spdns.de\/wp-content\/uploads\/2019\/01\/2019-01-19-15-49-47-768x576.jpg 768w\" sizes=\"auto, (max-width: 1024px) 100vw, 1024px\" \/><\/figure>\n\n\n<div id=\"tsmap_1\"  style=\"width: 100%; height: 480px; max-width: 100%\"><\/div>\n","protected":false},"excerpt":{"rendered":"<p>Das Wetter war heute einfach zu gut um zuhause zu bleiben. Weil w\u00e4hrend des letzten Aufstiegs zur Herlingsburg mit Gerrit das Wetter ja eher regnerisch war, wollte ich heute nochmal, allerdings auf einem etwas anderen Weg hochgehen. Gestartet bin ich beim Wanderparkplatz an der Eschenbrucher Stra\u00dfe, dort wo die Stra\u00dfe Hermannstal abzweigt. Eigentlich f\u00fchrt der [&hellip;]<\/p>\n","protected":false},"author":1,"featured_media":0,"comment_status":"closed","ping_status":"open","sticky":false,"template":"","format":"gallery","meta":{"footnotes":""},"categories":[9],"tags":[],"class_list":["post-1729","post","type-post","status-publish","format-gallery","hentry","category-draussen-und-unterwegs","post_format-post-format-gallery"],"_links":{"self":[{"href":"https:\/\/macke.spdns.de\/index.php?rest_route=\/wp\/v2\/posts\/1729","targetHints":{"allow":["GET"]}}],"collection":[{"href":"https:\/\/macke.spdns.de\/index.php?rest_route=\/wp\/v2\/posts"}],"about":[{"href":"https:\/\/macke.spdns.de\/index.php?rest_route=\/wp\/v2\/types\/post"}],"author":[{"embeddable":true,"href":"https:\/\/macke.spdns.de\/index.php?rest_route=\/wp\/v2\/users\/1"}],"replies":[{"embeddable":true,"href":"https:\/\/macke.spdns.de\/index.php?rest_route=%2Fwp%2Fv2%2Fcomments&post=1729"}],"version-history":[{"count":0,"href":"https:\/\/macke.spdns.de\/index.php?rest_route=\/wp\/v2\/posts\/1729\/revisions"}],"wp:attachment":[{"href":"https:\/\/macke.spdns.de\/index.php?rest_route=%2Fwp%2Fv2%2Fmedia&parent=1729"}],"wp:term":[{"taxonomy":"category","embeddable":true,"href":"https:\/\/macke.spdns.de\/index.php?rest_route=%2Fwp%2Fv2%2Fcategories&post=1729"},{"taxonomy":"post_tag","embeddable":true,"href":"https:\/\/macke.spdns.de\/index.php?rest_route=%2Fwp%2Fv2%2Ftags&post=1729"}],"curies":[{"name":"wp","href":"https:\/\/api.w.org\/{rel}","templated":true}]}}