{"id":1628,"date":"2018-12-23T23:03:41","date_gmt":"2018-12-23T22:03:41","guid":{"rendered":"https:\/\/macke.spdns.de\/?p=1628"},"modified":"2019-01-29T09:47:46","modified_gmt":"2019-01-29T08:47:46","slug":"mit-gerrit-bei-der-herlingsburg","status":"publish","type":"post","link":"https:\/\/macke.spdns.de\/?p=1628","title":{"rendered":"Mit Gerrit bei der Herlingsburg"},"content":{"rendered":"<p>Gegen Mittag sind wir im Meinteweg gestartet. Au\u00dfer Cora und Emil haben wir noch einen anderen Hund namens Joschi mitgenommen.<\/p>\n<div id=\"attachment_1631\" style=\"width: 3010px\" class=\"wp-caption alignnone\"><img loading=\"lazy\" decoding=\"async\" aria-describedby=\"caption-attachment-1631\" class=\"wp-image-1631 size-full\" src=\"http:\/\/macke.spdns.de\/wp-content\/uploads\/2018\/12\/20181223_132750-1034569016.jpg\" alt=\"\" width=\"3000\" height=\"2250\" srcset=\"https:\/\/macke.spdns.de\/wp-content\/uploads\/2018\/12\/20181223_132750-1034569016.jpg 3000w, https:\/\/macke.spdns.de\/wp-content\/uploads\/2018\/12\/20181223_132750-1034569016-150x113.jpg 150w, https:\/\/macke.spdns.de\/wp-content\/uploads\/2018\/12\/20181223_132750-1034569016-300x225.jpg 300w, https:\/\/macke.spdns.de\/wp-content\/uploads\/2018\/12\/20181223_132750-1034569016-768x576.jpg 768w, https:\/\/macke.spdns.de\/wp-content\/uploads\/2018\/12\/20181223_132750-1034569016-1024x768.jpg 1024w\" sizes=\"auto, (max-width: 3000px) 100vw, 3000px\" \/><p id=\"caption-attachment-1631\" class=\"wp-caption-text\">Kora<\/p><\/div>\n<div id=\"attachment_1632\" style=\"width: 3010px\" class=\"wp-caption alignnone\"><img loading=\"lazy\" decoding=\"async\" aria-describedby=\"caption-attachment-1632\" class=\"wp-image-1632 size-full\" src=\"http:\/\/macke.spdns.de\/wp-content\/uploads\/2018\/12\/20181223_1328011305275329.jpg\" alt=\"\" width=\"3000\" height=\"2250\" srcset=\"https:\/\/macke.spdns.de\/wp-content\/uploads\/2018\/12\/20181223_1328011305275329.jpg 3000w, https:\/\/macke.spdns.de\/wp-content\/uploads\/2018\/12\/20181223_1328011305275329-150x113.jpg 150w, https:\/\/macke.spdns.de\/wp-content\/uploads\/2018\/12\/20181223_1328011305275329-300x225.jpg 300w, https:\/\/macke.spdns.de\/wp-content\/uploads\/2018\/12\/20181223_1328011305275329-768x576.jpg 768w, https:\/\/macke.spdns.de\/wp-content\/uploads\/2018\/12\/20181223_1328011305275329-1024x768.jpg 1024w\" sizes=\"auto, (max-width: 3000px) 100vw, 3000px\" \/><p id=\"caption-attachment-1632\" class=\"wp-caption-text\">Joschi<\/p><\/div>\n<p>Wegen des einsetzenden Regens haben wir in einer Schutzh\u00fctte eine Pause eingelegt, wo Emil sich sogleich an einer trockenen Stelle eingegraben hat. Das Warten konnten wir uns mit Gl\u00fchwein verk\u00fcrzen, aber als der Regen nicht aufh\u00f6rte gingen wir irgendwann eben einfach weiter.<\/p>\n<div id=\"attachment_1633\" style=\"width: 3010px\" class=\"wp-caption alignnone\"><img loading=\"lazy\" decoding=\"async\" aria-describedby=\"caption-attachment-1633\" class=\"wp-image-1633 size-full\" src=\"http:\/\/macke.spdns.de\/wp-content\/uploads\/2018\/12\/20181223_13280755585203.jpg\" alt=\"\" width=\"3000\" height=\"2250\" srcset=\"https:\/\/macke.spdns.de\/wp-content\/uploads\/2018\/12\/20181223_13280755585203.jpg 3000w, https:\/\/macke.spdns.de\/wp-content\/uploads\/2018\/12\/20181223_13280755585203-150x113.jpg 150w, https:\/\/macke.spdns.de\/wp-content\/uploads\/2018\/12\/20181223_13280755585203-300x225.jpg 300w, https:\/\/macke.spdns.de\/wp-content\/uploads\/2018\/12\/20181223_13280755585203-768x576.jpg 768w, https:\/\/macke.spdns.de\/wp-content\/uploads\/2018\/12\/20181223_13280755585203-1024x768.jpg 1024w\" sizes=\"auto, (max-width: 3000px) 100vw, 3000px\" \/><p id=\"caption-attachment-1633\" class=\"wp-caption-text\">Emil<\/p><\/div>\n<p>Etwa zwei Kilometer hinter der Eschenbrucherstra\u00dfe, kurz nach der Rast, mussten wir einen steilen Anstieg gehen. W\u00e4hrenddessen sahen wir ein St\u00fcck vor uns einen etwas gr\u00f6\u00dferen Hund den Berg hochlaufen. Hinter dem \u00e4u\u00dferen Wall der Herlingsburg lag dann der Hund neben einer Bank, allerdings ganz alleine, ohne Begleitung. Ich hatte das erst gar nicht bemerkt, aber Gerrit kam der alleine sitzende Hund komisch vor, so blieben wir stehen und riefen nach dem Besitzer. Als sich auch nach l\u00e4ngerer Zeit niemand meldete besah Gerrit sich den Hund etwas genauer. Er trug eine Marke von Tasso mit einer Hunde- und einer Notrufnummer. Als auch weiteres lautes Rufen keinen Eigent\u00fcmer zutage f\u00f6rderte, f\u00fchrte ein Anruf bei der Hotline von Tasso zu einem R\u00fcckruf der Besitzerin, die ihren Hund tats\u00e4chlich bereits vermisste und in dieser Gegend suchte.<\/p>\n<p>Wir haben uns dann an der Schutzh\u00fctte Herlingsburg getroffen und den Hund zur\u00fcckgegeben. Eine gute Tat zu Weihnachten.<\/p>\n<div id=\"attachment_1634\" style=\"width: 3010px\" class=\"wp-caption alignnone\"><img loading=\"lazy\" decoding=\"async\" aria-describedby=\"caption-attachment-1634\" class=\"wp-image-1634 size-full\" src=\"http:\/\/macke.spdns.de\/wp-content\/uploads\/2018\/12\/20181223_1446581528165856.jpg\" alt=\"\" width=\"3000\" height=\"2250\" srcset=\"https:\/\/macke.spdns.de\/wp-content\/uploads\/2018\/12\/20181223_1446581528165856.jpg 3000w, https:\/\/macke.spdns.de\/wp-content\/uploads\/2018\/12\/20181223_1446581528165856-150x113.jpg 150w, https:\/\/macke.spdns.de\/wp-content\/uploads\/2018\/12\/20181223_1446581528165856-300x225.jpg 300w, https:\/\/macke.spdns.de\/wp-content\/uploads\/2018\/12\/20181223_1446581528165856-768x576.jpg 768w, https:\/\/macke.spdns.de\/wp-content\/uploads\/2018\/12\/20181223_1446581528165856-1024x768.jpg 1024w\" sizes=\"auto, (max-width: 3000px) 100vw, 3000px\" \/><p id=\"caption-attachment-1634\" class=\"wp-caption-text\">Gerrit mit Gl\u00fchwein und Fundhund<\/p><\/div>\n<div id=\"attachment_1635\" style=\"width: 3010px\" class=\"wp-caption alignnone\"><img loading=\"lazy\" decoding=\"async\" aria-describedby=\"caption-attachment-1635\" class=\"wp-image-1635 size-full\" src=\"http:\/\/macke.spdns.de\/wp-content\/uploads\/2018\/12\/20181223_144719-891956492.jpg\" alt=\"\" width=\"3000\" height=\"2250\" srcset=\"https:\/\/macke.spdns.de\/wp-content\/uploads\/2018\/12\/20181223_144719-891956492.jpg 3000w, https:\/\/macke.spdns.de\/wp-content\/uploads\/2018\/12\/20181223_144719-891956492-150x113.jpg 150w, https:\/\/macke.spdns.de\/wp-content\/uploads\/2018\/12\/20181223_144719-891956492-300x225.jpg 300w, https:\/\/macke.spdns.de\/wp-content\/uploads\/2018\/12\/20181223_144719-891956492-768x576.jpg 768w, https:\/\/macke.spdns.de\/wp-content\/uploads\/2018\/12\/20181223_144719-891956492-1024x768.jpg 1024w\" sizes=\"auto, (max-width: 3000px) 100vw, 3000px\" \/><p id=\"caption-attachment-1635\" class=\"wp-caption-text\">Emil h\u00e4lt die Wacht an der Schutzh\u00fctte<\/p><\/div>\n<p>Auf dem R\u00fcckweg hat der Regen dann noch zugenommen und selbst Kora und Emil hatten gegen Ende des Weges keine Lust mehr noch weiter zu gehen.<\/p>\n<div id=\"attachment_1636\" style=\"width: 3010px\" class=\"wp-caption alignnone\"><img loading=\"lazy\" decoding=\"async\" aria-describedby=\"caption-attachment-1636\" class=\"wp-image-1636 size-full\" src=\"http:\/\/macke.spdns.de\/wp-content\/uploads\/2018\/12\/20181223_1539421286939524.jpg\" alt=\"\" width=\"3000\" height=\"2250\" srcset=\"https:\/\/macke.spdns.de\/wp-content\/uploads\/2018\/12\/20181223_1539421286939524.jpg 3000w, https:\/\/macke.spdns.de\/wp-content\/uploads\/2018\/12\/20181223_1539421286939524-150x113.jpg 150w, https:\/\/macke.spdns.de\/wp-content\/uploads\/2018\/12\/20181223_1539421286939524-300x225.jpg 300w, https:\/\/macke.spdns.de\/wp-content\/uploads\/2018\/12\/20181223_1539421286939524-768x576.jpg 768w, https:\/\/macke.spdns.de\/wp-content\/uploads\/2018\/12\/20181223_1539421286939524-1024x768.jpg 1024w\" sizes=\"auto, (max-width: 3000px) 100vw, 3000px\" \/><p id=\"caption-attachment-1636\" class=\"wp-caption-text\">Ausblick zur Eschenbrucherstr.<\/p><\/div>\n<p>Zum Abschluss gab es im Museumscafe in L\u00fcgde noch Kaffee und Kuchen.<\/p>\n<p>Trotz des Wetters war es eine sch\u00f6ne Wanderung, die wir n\u00e4chstes Jahr in den Kasseler Bergen fortsetzen wollen.<\/p>\n<div id=\"tsmap_1\"  style=\"width: 100%; height: 480px; max-width: 100%\"><\/div>\n","protected":false},"excerpt":{"rendered":"<p>Gegen Mittag sind wir im Meinteweg gestartet. Au\u00dfer Cora und Emil haben wir noch einen anderen Hund namens Joschi mitgenommen. Wegen des einsetzenden Regens haben wir in einer Schutzh\u00fctte eine Pause eingelegt, wo Emil sich sogleich an einer trockenen Stelle eingegraben hat. Das Warten konnten wir uns mit Gl\u00fchwein verk\u00fcrzen, aber als der Regen nicht [&hellip;]<\/p>\n","protected":false},"author":1,"featured_media":0,"comment_status":"closed","ping_status":"open","sticky":false,"template":"","format":"gallery","meta":{"footnotes":""},"categories":[9],"tags":[],"class_list":["post-1628","post","type-post","status-publish","format-gallery","hentry","category-draussen-und-unterwegs","post_format-post-format-gallery"],"_links":{"self":[{"href":"https:\/\/macke.spdns.de\/index.php?rest_route=\/wp\/v2\/posts\/1628","targetHints":{"allow":["GET"]}}],"collection":[{"href":"https:\/\/macke.spdns.de\/index.php?rest_route=\/wp\/v2\/posts"}],"about":[{"href":"https:\/\/macke.spdns.de\/index.php?rest_route=\/wp\/v2\/types\/post"}],"author":[{"embeddable":true,"href":"https:\/\/macke.spdns.de\/index.php?rest_route=\/wp\/v2\/users\/1"}],"replies":[{"embeddable":true,"href":"https:\/\/macke.spdns.de\/index.php?rest_route=%2Fwp%2Fv2%2Fcomments&post=1628"}],"version-history":[{"count":0,"href":"https:\/\/macke.spdns.de\/index.php?rest_route=\/wp\/v2\/posts\/1628\/revisions"}],"wp:attachment":[{"href":"https:\/\/macke.spdns.de\/index.php?rest_route=%2Fwp%2Fv2%2Fmedia&parent=1628"}],"wp:term":[{"taxonomy":"category","embeddable":true,"href":"https:\/\/macke.spdns.de\/index.php?rest_route=%2Fwp%2Fv2%2Fcategories&post=1628"},{"taxonomy":"post_tag","embeddable":true,"href":"https:\/\/macke.spdns.de\/index.php?rest_route=%2Fwp%2Fv2%2Ftags&post=1628"}],"curies":[{"name":"wp","href":"https:\/\/api.w.org\/{rel}","templated":true}]}}